{"id":464,"date":"2024-07-25T12:02:58","date_gmt":"2024-07-25T10:02:58","guid":{"rendered":"https:\/\/blogs.fu-berlin.de\/abv-gender-diversity\/?p=464"},"modified":"2024-07-26T13:27:42","modified_gmt":"2024-07-26T11:27:42","slug":"in-sight-podcast","status":"publish","type":"post","link":"https:\/\/blogs.fu-berlin.de\/abv-gender-diversity\/2024\/07\/25\/in-sight-podcast\/","title":{"rendered":"In Sight Podcast"},"content":{"rendered":"\n<h2 class=\"wp-block-heading\">Aim\u00e9e Doms, Linus Broll, Jonas Pfeifer und Nike Fuchs  (SoSe 2024)<\/h2>\n\n\n\n<figure class=\"wp-block-image size-large\"><img loading=\"lazy\" decoding=\"async\" width=\"1024\" height=\"590\" src=\"https:\/\/blogs.fu-berlin.de\/abv-gender-diversity\/files\/2024\/07\/Podcast-Titelbild-1024x590.png\" alt=\"\" class=\"wp-image-465\" srcset=\"https:\/\/blogs.fu-berlin.de\/abv-gender-diversity\/files\/2024\/07\/Podcast-Titelbild-1024x590.png 1024w, https:\/\/blogs.fu-berlin.de\/abv-gender-diversity\/files\/2024\/07\/Podcast-Titelbild-300x173.png 300w, https:\/\/blogs.fu-berlin.de\/abv-gender-diversity\/files\/2024\/07\/Podcast-Titelbild-768x443.png 768w, https:\/\/blogs.fu-berlin.de\/abv-gender-diversity\/files\/2024\/07\/Podcast-Titelbild-1536x885.png 1536w, https:\/\/blogs.fu-berlin.de\/abv-gender-diversity\/files\/2024\/07\/Podcast-Titelbild-2048x1180.png 2048w, https:\/\/blogs.fu-berlin.de\/abv-gender-diversity\/files\/2024\/07\/Podcast-Titelbild-1200x691.png 1200w\" sizes=\"auto, (max-width: 709px) 85vw, (max-width: 909px) 67vw, (max-width: 1362px) 62vw, 840px\" \/><\/figure>\n\n\n\n<pre class=\"wp-block-preformatted\"><strong>Teaser<\/strong>: \n\nMisogynie t\u00f6tet. Was in von Frauenhass durchzogenen Onlineforen beginnt, endet in realem Terror.  M\u00e4nner, die der \u00dcberzeugung sind, ohne breiten Unterkiefer keine Z\u00e4rtlichkeit erfahren zu k\u00f6nnen, begeben sich nicht selten in Radikalisierungsspiralen und werden Teil der Incel Anschlagserie. \nUnsere Podcastreihe ist ein Versuch der Aufarbeitung.\n<\/pre>\n\n\n\n<pre class=\"wp-block-preformatted\"><strong>Triggerwarnung:\n<\/strong>\nBevor wir beginnen, m\u00f6chten wir darauf hinweisen, dass dieser Podcast sensible Themen behandelt, die f\u00fcr einige H\u00f6rer*innen belastend sein k\u00f6nnen.\nWir sprechen \u00fcber die Incel-Community, deren Ideologien und Auswirkungen auf die Gesellschaft. In den kommenden Minuten werden wir auch \u00fcber Themen wie Femizide, Frustration, Hass und Radikalisierung sprechen.\n\nEs ist also wichtig zu beachten, dass diese Inhalte verst\u00f6rend sein k\u00f6nnen und m\u00f6glicherweise Trigger f\u00fcr Menschen mit pers\u00f6nlichen Erfahrungen in diesen Bereichen darstellen. Wenn du dich unwohl f\u00fchlen solltest oder dir Unterst\u00fctzung w\u00fcnscht, empfehlen wir dir, diesen Podcast m\u00f6glicherweise nicht weiter anzuh\u00f6ren. Beratungsstellen, professionelle Hilfe und Ansprechpartner *innen findest du unten in der Beschreibung.\n\nWir m\u00f6chten sicherstellen, dass alle unsere H\u00f6rer*innen sich sicher und respektiert f\u00fchlen. Vielen Dank f\u00fcr euer Verst\u00e4ndnis.\n<\/pre>\n\n\n\n<figure class=\"wp-block-audio\"><audio controls src=\"https:\/\/blogs.fu-berlin.de\/abv-gender-diversity\/files\/2024\/07\/Podcast-Inside-Incel.mp3\"><\/audio><\/figure>\n\n\n\n<h2 class=\"wp-block-heading\"><strong>Quellen<\/strong><\/h2>\n\n\n\n<p>Bates, Laura (2020). The men who hate women: From incels to pickup artists, the truth about extreme misogyny and how it affects us all. Simon and Schuster. <a href=\"https:\/\/www.simonandschuster.co.uk\/books\/Men-Who-Hate-Women\/Laura-Bates\/9781398504653 Schuster Ltd\">https:\/\/www.simonandschuster.co.uk\/books\/Men-Who-Hate-Women\/Laura-Bates\/9781398504653 Schuster Ltd<\/a><\/p>\n\n\n\n<p>TAZ Artikel: Anschl\u00e4ge von \u201eIncels\u201c: Terroristen oder W\u00fcrstchen? &#8211; taz.de (20.08.2021) <a href=\"https:\/\/taz.de\/Anschlaege-von-Incels\/!5790032\/\">https:\/\/taz.de\/Anschlaege-von-Incels\/!5790032\/<\/a><\/p>\n\n\n\n<p><a href=\"https:\/\/www.washingtonpost.com\/news\/the-intersect\/wp\/2015\/10\/07\/incels-4chan-and-the-beta-uprising-making-sense-of-one-of-the-internets-most-reviled-subcultures\/\">https:\/\/www.washingtonpost.com\/news\/the-intersect\/wp\/2015\/10\/07\/incels-4chan-and-the-beta-uprising-making-sense-of-one-of-the-internets-most-reviled-subcultures\/<\/a><\/p>\n\n\n\n<p><a href=\"https:\/\/www.researchgate.net\/profile\/Tetyana-Bodnar\/publication\/378288045_From_Reddit_to_manifestos_Forensic_evaluation_of_incel_online_activity\/links\/6604434910ca86798715e6a8\/From-Reddit-to-manifestos-Forensic-evaluation-of-incel-online-activity.pdf\">https:\/\/www.researchgate.net\/profile\/Tetyana-Bodnar\/publication\/378288045_From_Reddit_to_manifestos_Forensic_evaluation_of_incel_online_activity\/links\/6604434910ca86798715e6a8\/From-Reddit-to-manifestos-Forensic-evaluation-of-incel-online-activity.pdf<\/a><\/p>\n\n\n\n<p><a href=\"https:\/\/www.deutschlandfunkkultur.de\/incel-community-wie-weit-der-hass-gegen-frauen-geht-100.html\">https:\/\/www.deutschlandfunkkultur.de\/incel-community-wie-weit-der-hass-gegen-frauen-geht-100.html<\/a><\/p>\n\n\n\n<p><a href=\"https:\/\/story.ndr.de\/incels\/index.html\">https:\/\/story.ndr.de\/incels\/index.html<\/a><\/p>\n\n\n\n<p><a href=\"https:\/\/hateaid.org\/incels\/\">https:\/\/hateaid.org\/incels\/<\/a><\/p>\n\n\n\n<p><a href=\"https:\/\/home-affairs.ec.europa.eu\/system\/files\/2021-08\/ran_cn_incel_phenomenon_20210803_de.pdf\">https:\/\/home-affairs.ec.europa.eu\/system\/files\/2021-08\/ran_cn_incel_phenomenon_20210803_de.pdf<\/a><\/p>\n\n\n\n<p><a href=\"https:\/\/frauenrechte.de\/unsere-arbeit\/haeusliche-und-sexualiserte-gewalt\/hintergrundinformationen\/femizide\">https:\/\/frauenrechte.de\/unsere-arbeit\/haeusliche-und-sexualiserte-gewalt\/hintergrundinformationen\/femizide<\/a><\/p>\n\n\n\n<hr class=\"wp-block-separator has-alpha-channel-opacity\" \/>\n\n\n\n<h6 class=\"wp-block-heading\"><strong>\u00dcber Podcast Werkstatt: Gender und Diversity in den Techno-Sciences: Von Sexrobotern, Dating Apps und KI&nbsp;<\/strong><\/h6>\n\n\n\n<p>Wie wollen wir in einer Welt leben, die durch Technik gepr\u00e4gt ist? Inwiefern beeinflussen soziale Ungleichheiten technologische Entwicklungen? Welche Rolle kann Technik spielen, um unsere Welt gerechter zu gestalten und sozialen Ungleichheiten entgegen zu wirken?<\/p>\n\n\n\n<p>In der von Dr. Tanja Kubes geleiteten Podcast-Werkstatt werden aktuelle soziotechnische&nbsp;Themen wie K\u00fcnstliche Intelligenz, Dating Apps, Social Media, etc.&nbsp;aufgegriffen&nbsp;und deren feministisches Potenzial beleuchten. Dabei wird von den Studierenden Technik nicht nur kritisch analysiert, sondern auch selbst aktiv angewendet und&nbsp;Podcasts produziert.<\/p>\n\n\n\n<p><\/p>\n","protected":false},"excerpt":{"rendered":"<p>Aim\u00e9e Doms, Linus Broll, Jonas Pfeifer und Nike Fuchs (SoSe 2024) Teaser: Misogynie t\u00f6tet. Was in von Frauenhass durchzogenen Onlineforen beginnt, endet in realem Terror. M\u00e4nner, die der \u00dcberzeugung sind, ohne breiten Unterkiefer keine Z\u00e4rtlichkeit erfahren zu k\u00f6nnen, begeben sich nicht selten in Radikalisierungsspiralen und werden Teil der Incel Anschlagserie. Unsere Podcastreihe ist ein Versuch &hellip; <a href=\"https:\/\/blogs.fu-berlin.de\/abv-gender-diversity\/2024\/07\/25\/in-sight-podcast\/\" class=\"more-link\"><span class=\"screen-reader-text\">\u201eIn Sight Podcast\u201c<\/span> weiterlesen<\/a><\/p>\n","protected":false},"author":2643,"featured_media":0,"comment_status":"open","ping_status":"open","sticky":false,"template":"","format":"standard","meta":{"footnotes":""},"categories":[327720],"tags":[449572,449574,169,449554],"class_list":["post-464","post","type-post","status-publish","format-standard","hentry","category-essay","tag-frauenhass","tag-misogynie","tag-podcast","tag-toxische-maennlichkeit"],"_links":{"self":[{"href":"https:\/\/blogs.fu-berlin.de\/abv-gender-diversity\/wp-json\/wp\/v2\/posts\/464","targetHints":{"allow":["GET"]}}],"collection":[{"href":"https:\/\/blogs.fu-berlin.de\/abv-gender-diversity\/wp-json\/wp\/v2\/posts"}],"about":[{"href":"https:\/\/blogs.fu-berlin.de\/abv-gender-diversity\/wp-json\/wp\/v2\/types\/post"}],"author":[{"embeddable":true,"href":"https:\/\/blogs.fu-berlin.de\/abv-gender-diversity\/wp-json\/wp\/v2\/users\/2643"}],"replies":[{"embeddable":true,"href":"https:\/\/blogs.fu-berlin.de\/abv-gender-diversity\/wp-json\/wp\/v2\/comments?post=464"}],"version-history":[{"count":2,"href":"https:\/\/blogs.fu-berlin.de\/abv-gender-diversity\/wp-json\/wp\/v2\/posts\/464\/revisions"}],"predecessor-version":[{"id":477,"href":"https:\/\/blogs.fu-berlin.de\/abv-gender-diversity\/wp-json\/wp\/v2\/posts\/464\/revisions\/477"}],"wp:attachment":[{"href":"https:\/\/blogs.fu-berlin.de\/abv-gender-diversity\/wp-json\/wp\/v2\/media?parent=464"}],"wp:term":[{"taxonomy":"category","embeddable":true,"href":"https:\/\/blogs.fu-berlin.de\/abv-gender-diversity\/wp-json\/wp\/v2\/categories?post=464"},{"taxonomy":"post_tag","embeddable":true,"href":"https:\/\/blogs.fu-berlin.de\/abv-gender-diversity\/wp-json\/wp\/v2\/tags?post=464"}],"curies":[{"name":"wp","href":"https:\/\/api.w.org\/{rel}","templated":true}]}}