{"id":1012,"date":"2024-02-15T10:00:50","date_gmt":"2024-02-15T08:00:50","guid":{"rendered":"https:\/\/blogs.fu-berlin.de\/aew-news\/?p=1012"},"modified":"2024-10-16T17:16:53","modified_gmt":"2024-10-16T15:16:53","slug":"arbeitsbereich-beim-dgfe-kongress-in-halle","status":"publish","type":"post","link":"https:\/\/blogs.fu-berlin.de\/aew-news\/2024\/02\/15\/arbeitsbereich-beim-dgfe-kongress-in-halle\/","title":{"rendered":"Arbeitsbereich beim DGfE Kongress in Halle"},"content":{"rendered":"<p>Beim diesj\u00e4hrigen DGfE Kongress in Halle hat Iris W\u00fcrbel im Symposium &#8222;Vulnerabilit\u00e4t in Krisenzeiten&#8220; von Prof. Dr. Inka Bormann und Prof. Dr. Philipp Sandermann (L\u00fcneburg) einen Beitrag zur Bew\u00e4ltigung der Covid-19-Pandemie aus Sicht von Kindern vorgestellt. Weitere Beitr\u00e4ge des Symposiums befassten sich mit der Vulnerabilit\u00e4t von migrantischen M\u00fcttern in ihrer Interaktion mit P\u00e4dagog*innen (Vanessa Schwenker, L\u00fcneburg) und dem Unterst\u00fctzungsbedarf von Eltern mit Kindern mit besonderen Bed\u00fcrfnissen (Teija Koskela, Turku\/Finnland). Prof. Dr. Veronika Magyar-Haas (Fribourg\/Schweiz) hat die Beitr\u00e4ge zusammenfassend diskutiert.<\/p>\n<p>Im Forschungsforum &#8222;Wissensordnungen im Rahmen der empirischen Beforschung schulischer Inklusion&#8220; (Prof. Dr. Oliver B\u00f6hm-Kasper, Prof. Dr. Christine Demmer) pr\u00e4sentierte Inka Bormann unter dem Titel &#8222;Wissenschaftliche Wirklichkeit &#8211; eine Frage von Denkkollektiven in diskursiven Arenen?&#8220; \u00dcberlegungen zu Homologien in den Arbeiten von L. Fleck und M. Foucault und wie diese f\u00fcr die triangulative Untersuchung von Wissensordnungen nutzbar gemacht werden k\u00f6nnten.<\/p>\n","protected":false},"excerpt":{"rendered":"<p>Beim diesj\u00e4hrigen DGfE Kongress in Halle hat Iris W\u00fcrbel im Symposium &#8222;Vulnerabilit\u00e4t in Krisenzeiten&#8220; von Prof. Dr. Inka Bormann und Prof. Dr. Philipp Sandermann (L\u00fcneburg) einen Beitrag zur Bew\u00e4ltigung der Covid-19-Pandemie aus Sicht von Kindern vorgestellt. Weitere Beitr\u00e4ge des Symposiums befassten sich mit der Vulnerabilit\u00e4t von migrantischen M\u00fcttern in ihrer Interaktion mit P\u00e4dagog*innen (Vanessa Schwenker, &hellip; <a href=\"https:\/\/blogs.fu-berlin.de\/aew-news\/2024\/02\/15\/arbeitsbereich-beim-dgfe-kongress-in-halle\/\" class=\"more-link\"><span class=\"screen-reader-text\">\u201eArbeitsbereich beim DGfE Kongress in Halle\u201c<\/span> weiterlesen<\/a><\/p>\n","protected":false},"author":2138,"featured_media":0,"comment_status":"closed","ping_status":"open","sticky":false,"template":"","format":"standard","meta":{"footnotes":""},"categories":[12042],"tags":[],"class_list":["post-1012","post","type-post","status-publish","format-standard","hentry","category-forschung"],"_links":{"self":[{"href":"https:\/\/blogs.fu-berlin.de\/aew-news\/wp-json\/wp\/v2\/posts\/1012","targetHints":{"allow":["GET"]}}],"collection":[{"href":"https:\/\/blogs.fu-berlin.de\/aew-news\/wp-json\/wp\/v2\/posts"}],"about":[{"href":"https:\/\/blogs.fu-berlin.de\/aew-news\/wp-json\/wp\/v2\/types\/post"}],"author":[{"embeddable":true,"href":"https:\/\/blogs.fu-berlin.de\/aew-news\/wp-json\/wp\/v2\/users\/2138"}],"replies":[{"embeddable":true,"href":"https:\/\/blogs.fu-berlin.de\/aew-news\/wp-json\/wp\/v2\/comments?post=1012"}],"version-history":[{"count":6,"href":"https:\/\/blogs.fu-berlin.de\/aew-news\/wp-json\/wp\/v2\/posts\/1012\/revisions"}],"predecessor-version":[{"id":1119,"href":"https:\/\/blogs.fu-berlin.de\/aew-news\/wp-json\/wp\/v2\/posts\/1012\/revisions\/1119"}],"wp:attachment":[{"href":"https:\/\/blogs.fu-berlin.de\/aew-news\/wp-json\/wp\/v2\/media?parent=1012"}],"wp:term":[{"taxonomy":"category","embeddable":true,"href":"https:\/\/blogs.fu-berlin.de\/aew-news\/wp-json\/wp\/v2\/categories?post=1012"},{"taxonomy":"post_tag","embeddable":true,"href":"https:\/\/blogs.fu-berlin.de\/aew-news\/wp-json\/wp\/v2\/tags?post=1012"}],"curies":[{"name":"wp","href":"https:\/\/api.w.org\/{rel}","templated":true}]}}