{"id":1027,"date":"2024-03-20T10:03:42","date_gmt":"2024-03-20T08:03:42","guid":{"rendered":"https:\/\/blogs.fu-berlin.de\/aew-news\/?p=1027"},"modified":"2024-03-20T10:03:53","modified_gmt":"2024-03-20T08:03:53","slug":"dfg-projekt-zur-untersuchung-der-entwicklung-von-vertrauen-bewilligt","status":"publish","type":"post","link":"https:\/\/blogs.fu-berlin.de\/aew-news\/2024\/03\/20\/dfg-projekt-zur-untersuchung-der-entwicklung-von-vertrauen-bewilligt\/","title":{"rendered":"DFG Projekt zur Untersuchung der Entwicklung von Vertrauen bewilligt"},"content":{"rendered":"<p>Die Deutsche Forschungsgemeinschaft hat ein Projekt des Arbeitsbereichs bewilligt, in dem die Entwicklung von Vertrauen in Lehrkr\u00e4fte und Schulen in einer L\u00e4ngsschnittuntersuchung analysiert wird.<\/p>\n<p>Wir freuen uns sehr!<\/p>\n<p>Weitere Informationen folgen in K\u00fcrze.<\/p>\n","protected":false},"excerpt":{"rendered":"<p>Die Deutsche Forschungsgemeinschaft hat ein Projekt des Arbeitsbereichs bewilligt, in dem die Entwicklung von Vertrauen in Lehrkr\u00e4fte und Schulen in einer L\u00e4ngsschnittuntersuchung analysiert wird. Wir freuen uns sehr! Weitere Informationen folgen in K\u00fcrze.<\/p>\n","protected":false},"author":2138,"featured_media":0,"comment_status":"closed","ping_status":"open","sticky":false,"template":"","format":"standard","meta":{"footnotes":""},"categories":[12042],"tags":[],"class_list":["post-1027","post","type-post","status-publish","format-standard","hentry","category-forschung"],"_links":{"self":[{"href":"https:\/\/blogs.fu-berlin.de\/aew-news\/wp-json\/wp\/v2\/posts\/1027","targetHints":{"allow":["GET"]}}],"collection":[{"href":"https:\/\/blogs.fu-berlin.de\/aew-news\/wp-json\/wp\/v2\/posts"}],"about":[{"href":"https:\/\/blogs.fu-berlin.de\/aew-news\/wp-json\/wp\/v2\/types\/post"}],"author":[{"embeddable":true,"href":"https:\/\/blogs.fu-berlin.de\/aew-news\/wp-json\/wp\/v2\/users\/2138"}],"replies":[{"embeddable":true,"href":"https:\/\/blogs.fu-berlin.de\/aew-news\/wp-json\/wp\/v2\/comments?post=1027"}],"version-history":[{"count":1,"href":"https:\/\/blogs.fu-berlin.de\/aew-news\/wp-json\/wp\/v2\/posts\/1027\/revisions"}],"predecessor-version":[{"id":1028,"href":"https:\/\/blogs.fu-berlin.de\/aew-news\/wp-json\/wp\/v2\/posts\/1027\/revisions\/1028"}],"wp:attachment":[{"href":"https:\/\/blogs.fu-berlin.de\/aew-news\/wp-json\/wp\/v2\/media?parent=1027"}],"wp:term":[{"taxonomy":"category","embeddable":true,"href":"https:\/\/blogs.fu-berlin.de\/aew-news\/wp-json\/wp\/v2\/categories?post=1027"},{"taxonomy":"post_tag","embeddable":true,"href":"https:\/\/blogs.fu-berlin.de\/aew-news\/wp-json\/wp\/v2\/tags?post=1027"}],"curies":[{"name":"wp","href":"https:\/\/api.w.org\/{rel}","templated":true}]}}