{"id":1059,"date":"2024-06-26T10:31:40","date_gmt":"2024-06-26T08:31:40","guid":{"rendered":"https:\/\/blogs.fu-berlin.de\/aew-news\/?p=1059"},"modified":"2024-06-26T15:55:58","modified_gmt":"2024-06-26T13:55:58","slug":"vinicius-silva-de-souza-kehrt-nach-brasilien-zurueck","status":"publish","type":"post","link":"https:\/\/blogs.fu-berlin.de\/aew-news\/2024\/06\/26\/vinicius-silva-de-souza-kehrt-nach-brasilien-zurueck\/","title":{"rendered":"Gastwissenschaftler Vinicius Silva de Souza kehrt nach Brasilien zur\u00fcck"},"content":{"rendered":"<p>Vinicius Silva de Souza war von Oktober 2022 bis Juni 2024 Gastwissenschaftler am Arbeitsbereich Allgemeine Erziehungswissenschaft &#8211; nun kehrt er nach Bras\u00edlia zur\u00fcck.<\/p>\n<p>Wir sind begeistert von der gemeinsamen wissenschaftlichen Arbeit und w\u00fcnschen Vinicius f\u00fcr die Zukunft alles Gute!<a href=\"https:\/\/blogs.fu-berlin.de\/aew-news\/files\/2024\/06\/20240625_195716.jpg\"><img loading=\"lazy\" decoding=\"async\" class=\"alignnone size-medium wp-image-1060\" src=\"https:\/\/blogs.fu-berlin.de\/aew-news\/files\/2024\/06\/20240625_195716-300x233.jpg\" alt=\"\" width=\"300\" height=\"233\" srcset=\"https:\/\/blogs.fu-berlin.de\/aew-news\/files\/2024\/06\/20240625_195716-300x233.jpg 300w, https:\/\/blogs.fu-berlin.de\/aew-news\/files\/2024\/06\/20240625_195716-1024x795.jpg 1024w, https:\/\/blogs.fu-berlin.de\/aew-news\/files\/2024\/06\/20240625_195716-768x596.jpg 768w, https:\/\/blogs.fu-berlin.de\/aew-news\/files\/2024\/06\/20240625_195716-1536x1193.jpg 1536w, https:\/\/blogs.fu-berlin.de\/aew-news\/files\/2024\/06\/20240625_195716-2048x1590.jpg 2048w, https:\/\/blogs.fu-berlin.de\/aew-news\/files\/2024\/06\/20240625_195716-1200x932.jpg 1200w\" sizes=\"auto, (max-width: 300px) 85vw, 300px\" \/><\/a><\/p>\n","protected":false},"excerpt":{"rendered":"<p>Vinicius Silva de Souza war von Oktober 2022 bis Juni 2024 Gastwissenschaftler am Arbeitsbereich Allgemeine Erziehungswissenschaft &#8211; nun kehrt er nach Bras\u00edlia zur\u00fcck. Wir sind begeistert von der gemeinsamen wissenschaftlichen Arbeit und w\u00fcnschen Vinicius f\u00fcr die Zukunft alles Gute!<\/p>\n","protected":false},"author":2138,"featured_media":0,"comment_status":"closed","ping_status":"open","sticky":false,"template":"","format":"standard","meta":{"footnotes":""},"categories":[12042],"tags":[],"class_list":["post-1059","post","type-post","status-publish","format-standard","hentry","category-forschung"],"_links":{"self":[{"href":"https:\/\/blogs.fu-berlin.de\/aew-news\/wp-json\/wp\/v2\/posts\/1059","targetHints":{"allow":["GET"]}}],"collection":[{"href":"https:\/\/blogs.fu-berlin.de\/aew-news\/wp-json\/wp\/v2\/posts"}],"about":[{"href":"https:\/\/blogs.fu-berlin.de\/aew-news\/wp-json\/wp\/v2\/types\/post"}],"author":[{"embeddable":true,"href":"https:\/\/blogs.fu-berlin.de\/aew-news\/wp-json\/wp\/v2\/users\/2138"}],"replies":[{"embeddable":true,"href":"https:\/\/blogs.fu-berlin.de\/aew-news\/wp-json\/wp\/v2\/comments?post=1059"}],"version-history":[{"count":3,"href":"https:\/\/blogs.fu-berlin.de\/aew-news\/wp-json\/wp\/v2\/posts\/1059\/revisions"}],"predecessor-version":[{"id":1064,"href":"https:\/\/blogs.fu-berlin.de\/aew-news\/wp-json\/wp\/v2\/posts\/1059\/revisions\/1064"}],"wp:attachment":[{"href":"https:\/\/blogs.fu-berlin.de\/aew-news\/wp-json\/wp\/v2\/media?parent=1059"}],"wp:term":[{"taxonomy":"category","embeddable":true,"href":"https:\/\/blogs.fu-berlin.de\/aew-news\/wp-json\/wp\/v2\/categories?post=1059"},{"taxonomy":"post_tag","embeddable":true,"href":"https:\/\/blogs.fu-berlin.de\/aew-news\/wp-json\/wp\/v2\/tags?post=1059"}],"curies":[{"name":"wp","href":"https:\/\/api.w.org\/{rel}","templated":true}]}}