{"id":1082,"date":"2024-07-29T09:27:28","date_gmt":"2024-07-29T07:27:28","guid":{"rendered":"https:\/\/blogs.fu-berlin.de\/aew-news\/?p=1082"},"modified":"2024-07-29T09:27:59","modified_gmt":"2024-07-29T07:27:59","slug":"interviews-zur-qualitaet-der-beziehung-zwischen-paedagogischen-fachkraeften-und-eltern","status":"publish","type":"post","link":"https:\/\/blogs.fu-berlin.de\/aew-news\/2024\/07\/29\/interviews-zur-qualitaet-der-beziehung-zwischen-paedagogischen-fachkraeften-und-eltern\/","title":{"rendered":"Interview: Qualit\u00e4t der Beziehung zwischen P\u00e4dagogischen Fachkr\u00e4ften und Eltern &#8211; Einblicke in eine empirische Untersuchung"},"content":{"rendered":"<p>Eine enge und vertrauensvolle Zusammenarbeit zwischen p\u00e4dagogischen Fachkr\u00e4ften und Familien ist die Basis f\u00fcr eine gelebte Bildungs- und Erziehungspartnerschaft. Mit der Qualit\u00e4t der Beziehung zwischen diesen Personen hat sich ein Forschungsprojekt der Freien Universit\u00e4t Berlin (Prof. Dr. Inka Bormann) und der Universit\u00e4t Graz (Dr. Jasmin Bempreiksz-Luthardt) auseinandergesetzt. Ein Interview zum Projekt und ersten Ergebnissen kann <a href=\"https:\/\/www.froebel-gruppe.de\/aktuelles\/news-single\/artikel\/qualitaet-der-beziehung-zwischen-paedagogischen-fachkraeften-und-eltern\">hier nachgelesen<\/a> werden.<\/p>\n","protected":false},"excerpt":{"rendered":"<p>Eine enge und vertrauensvolle Zusammenarbeit zwischen p\u00e4dagogischen Fachkr\u00e4ften und Familien ist die Basis f\u00fcr eine gelebte Bildungs- und Erziehungspartnerschaft. Mit der Qualit\u00e4t der Beziehung zwischen diesen Personen hat sich ein Forschungsprojekt der Freien Universit\u00e4t Berlin (Prof. Dr. Inka Bormann) und der Universit\u00e4t Graz (Dr. Jasmin Bempreiksz-Luthardt) auseinandergesetzt. Ein Interview zum Projekt und ersten Ergebnissen kann &hellip; <a href=\"https:\/\/blogs.fu-berlin.de\/aew-news\/2024\/07\/29\/interviews-zur-qualitaet-der-beziehung-zwischen-paedagogischen-fachkraeften-und-eltern\/\" class=\"more-link\"><span class=\"screen-reader-text\">\u201eInterview: Qualit\u00e4t der Beziehung zwischen P\u00e4dagogischen Fachkr\u00e4ften und Eltern &#8211; Einblicke in eine empirische Untersuchung\u201c<\/span> weiterlesen<\/a><\/p>\n","protected":false},"author":2138,"featured_media":0,"comment_status":"closed","ping_status":"open","sticky":false,"template":"","format":"standard","meta":{"footnotes":""},"categories":[12042],"tags":[],"class_list":["post-1082","post","type-post","status-publish","format-standard","hentry","category-forschung"],"_links":{"self":[{"href":"https:\/\/blogs.fu-berlin.de\/aew-news\/wp-json\/wp\/v2\/posts\/1082","targetHints":{"allow":["GET"]}}],"collection":[{"href":"https:\/\/blogs.fu-berlin.de\/aew-news\/wp-json\/wp\/v2\/posts"}],"about":[{"href":"https:\/\/blogs.fu-berlin.de\/aew-news\/wp-json\/wp\/v2\/types\/post"}],"author":[{"embeddable":true,"href":"https:\/\/blogs.fu-berlin.de\/aew-news\/wp-json\/wp\/v2\/users\/2138"}],"replies":[{"embeddable":true,"href":"https:\/\/blogs.fu-berlin.de\/aew-news\/wp-json\/wp\/v2\/comments?post=1082"}],"version-history":[{"count":2,"href":"https:\/\/blogs.fu-berlin.de\/aew-news\/wp-json\/wp\/v2\/posts\/1082\/revisions"}],"predecessor-version":[{"id":1084,"href":"https:\/\/blogs.fu-berlin.de\/aew-news\/wp-json\/wp\/v2\/posts\/1082\/revisions\/1084"}],"wp:attachment":[{"href":"https:\/\/blogs.fu-berlin.de\/aew-news\/wp-json\/wp\/v2\/media?parent=1082"}],"wp:term":[{"taxonomy":"category","embeddable":true,"href":"https:\/\/blogs.fu-berlin.de\/aew-news\/wp-json\/wp\/v2\/categories?post=1082"},{"taxonomy":"post_tag","embeddable":true,"href":"https:\/\/blogs.fu-berlin.de\/aew-news\/wp-json\/wp\/v2\/tags?post=1082"}],"curies":[{"name":"wp","href":"https:\/\/api.w.org\/{rel}","templated":true}]}}