{"id":1120,"date":"2024-12-21T11:40:30","date_gmt":"2024-12-21T09:40:30","guid":{"rendered":"https:\/\/blogs.fu-berlin.de\/aew-news\/?p=1120"},"modified":"2024-12-30T12:35:05","modified_gmt":"2024-12-30T10:35:05","slug":"beitrag-zu-methodenkolloquium-der-fakultaet-fuer-erziehungswissenschaft-an-der-uni-bielefeld","status":"publish","type":"post","link":"https:\/\/blogs.fu-berlin.de\/aew-news\/2024\/12\/21\/beitrag-zu-methodenkolloquium-der-fakultaet-fuer-erziehungswissenschaft-an-der-uni-bielefeld\/","title":{"rendered":"Beitrag zu Methodenkolloquium der Fakult\u00e4t f\u00fcr Erziehungswissenschaft an der Uni Bielefeld"},"content":{"rendered":"<p>In dem von Prof. Dr. Oliver B\u00f6hm-Kasper und Prof. Dr. Christine Demmer organisierten Methodenkolloquium der Fakult\u00e4t f\u00fcr Erziehungswissenschaft der Universit\u00e4t Bielefeld wird Prof. Dr. Inka Bormann am 20. Januar 2025 einen Beitrag mit dem Titel &#8222;<em>Theorien- und Methodentriangulation bei der Analyse von Wissensordnungen<\/em>&#8220; einbringen.<\/p>\n<p>Herzlichen Dank f\u00fcr die Einladung!<\/p>\n","protected":false},"excerpt":{"rendered":"<p>In dem von Prof. Dr. Oliver B\u00f6hm-Kasper und Prof. Dr. Christine Demmer organisierten Methodenkolloquium der Fakult\u00e4t f\u00fcr Erziehungswissenschaft der Universit\u00e4t Bielefeld wird Prof. Dr. Inka Bormann am 20. Januar 2025 einen Beitrag mit dem Titel &#8222;Theorien- und Methodentriangulation bei der Analyse von Wissensordnungen&#8220; einbringen. Herzlichen Dank f\u00fcr die Einladung!<\/p>\n","protected":false},"author":2138,"featured_media":0,"comment_status":"closed","ping_status":"closed","sticky":false,"template":"","format":"standard","meta":{"footnotes":""},"categories":[12042],"tags":[],"class_list":["post-1120","post","type-post","status-publish","format-standard","hentry","category-forschung"],"_links":{"self":[{"href":"https:\/\/blogs.fu-berlin.de\/aew-news\/wp-json\/wp\/v2\/posts\/1120","targetHints":{"allow":["GET"]}}],"collection":[{"href":"https:\/\/blogs.fu-berlin.de\/aew-news\/wp-json\/wp\/v2\/posts"}],"about":[{"href":"https:\/\/blogs.fu-berlin.de\/aew-news\/wp-json\/wp\/v2\/types\/post"}],"author":[{"embeddable":true,"href":"https:\/\/blogs.fu-berlin.de\/aew-news\/wp-json\/wp\/v2\/users\/2138"}],"replies":[{"embeddable":true,"href":"https:\/\/blogs.fu-berlin.de\/aew-news\/wp-json\/wp\/v2\/comments?post=1120"}],"version-history":[{"count":2,"href":"https:\/\/blogs.fu-berlin.de\/aew-news\/wp-json\/wp\/v2\/posts\/1120\/revisions"}],"predecessor-version":[{"id":1152,"href":"https:\/\/blogs.fu-berlin.de\/aew-news\/wp-json\/wp\/v2\/posts\/1120\/revisions\/1152"}],"wp:attachment":[{"href":"https:\/\/blogs.fu-berlin.de\/aew-news\/wp-json\/wp\/v2\/media?parent=1120"}],"wp:term":[{"taxonomy":"category","embeddable":true,"href":"https:\/\/blogs.fu-berlin.de\/aew-news\/wp-json\/wp\/v2\/categories?post=1120"},{"taxonomy":"post_tag","embeddable":true,"href":"https:\/\/blogs.fu-berlin.de\/aew-news\/wp-json\/wp\/v2\/tags?post=1120"}],"curies":[{"name":"wp","href":"https:\/\/api.w.org\/{rel}","templated":true}]}}