{"id":1183,"date":"2025-03-17T12:18:06","date_gmt":"2025-03-17T10:18:06","guid":{"rendered":"https:\/\/blogs.fu-berlin.de\/aew-news\/?p=1183"},"modified":"2025-03-17T12:18:06","modified_gmt":"2025-03-17T10:18:06","slug":"vortrag-bei-der-jahrestagung-der-dgfe-kommission-paedagogik-der-fruehen-kindheit-in-bressanone-brixen","status":"publish","type":"post","link":"https:\/\/blogs.fu-berlin.de\/aew-news\/2025\/03\/17\/vortrag-bei-der-jahrestagung-der-dgfe-kommission-paedagogik-der-fruehen-kindheit-in-bressanone-brixen\/","title":{"rendered":"Vortrag bei der Jahrestagung der DGfE-Kommission P\u00e4dagogik der fr\u00fchen Kindheit in Bressanone \/ Brixen"},"content":{"rendered":"<p>Bei der Jahrestagung der DGfE-Kommission P\u00e4dagogik der fr\u00fchen Kindheit an der Freien Universit\u00e4t Bozen, Fakult\u00e4t f\u00fcr Bildungswissenschaften in Bressanone \/ Brixen (Italien) hat <a href=\"https:\/\/www.ewi-psy.fu-berlin.de\/erziehungswissenschaft\/arbeitsbereiche\/allgemeine-erziehungswissenschaft\/team\/mitarbeiter_innen\/wuerbel_i\/index.html\">Iris W\u00fcrbe<\/a>l am 1. M\u00e4rz 2025 unter Bezug auf ihr Dissertationsvorhaben einen Vortrag mit dem Titel <strong>Subjektives Wohlbefinden von Kindern in der Covid-19-Pandemie. Eine partizipativ-qualitative Foto-Interviewstudie zu kindlichen Positionierungen und Deutungen von Sicherheit und Vulnerabilit\u00e4t<\/strong> gehalten.<\/p>\n","protected":false},"excerpt":{"rendered":"<p>Bei der Jahrestagung der DGfE-Kommission P\u00e4dagogik der fr\u00fchen Kindheit an der Freien Universit\u00e4t Bozen, Fakult\u00e4t f\u00fcr Bildungswissenschaften in Bressanone \/ Brixen (Italien) hat Iris W\u00fcrbel am 1. M\u00e4rz 2025 unter Bezug auf ihr Dissertationsvorhaben einen Vortrag mit dem Titel Subjektives Wohlbefinden von Kindern in der Covid-19-Pandemie. Eine partizipativ-qualitative Foto-Interviewstudie zu kindlichen Positionierungen und Deutungen von &hellip; <a href=\"https:\/\/blogs.fu-berlin.de\/aew-news\/2025\/03\/17\/vortrag-bei-der-jahrestagung-der-dgfe-kommission-paedagogik-der-fruehen-kindheit-in-bressanone-brixen\/\" class=\"more-link\"><span class=\"screen-reader-text\">\u201eVortrag bei der Jahrestagung der DGfE-Kommission P\u00e4dagogik der fr\u00fchen Kindheit in Bressanone \/ Brixen\u201c<\/span> weiterlesen<\/a><\/p>\n","protected":false},"author":6982,"featured_media":0,"comment_status":"closed","ping_status":"open","sticky":false,"template":"","format":"standard","meta":{"footnotes":""},"categories":[12042],"tags":[],"class_list":["post-1183","post","type-post","status-publish","format-standard","hentry","category-forschung"],"_links":{"self":[{"href":"https:\/\/blogs.fu-berlin.de\/aew-news\/wp-json\/wp\/v2\/posts\/1183","targetHints":{"allow":["GET"]}}],"collection":[{"href":"https:\/\/blogs.fu-berlin.de\/aew-news\/wp-json\/wp\/v2\/posts"}],"about":[{"href":"https:\/\/blogs.fu-berlin.de\/aew-news\/wp-json\/wp\/v2\/types\/post"}],"author":[{"embeddable":true,"href":"https:\/\/blogs.fu-berlin.de\/aew-news\/wp-json\/wp\/v2\/users\/6982"}],"replies":[{"embeddable":true,"href":"https:\/\/blogs.fu-berlin.de\/aew-news\/wp-json\/wp\/v2\/comments?post=1183"}],"version-history":[{"count":1,"href":"https:\/\/blogs.fu-berlin.de\/aew-news\/wp-json\/wp\/v2\/posts\/1183\/revisions"}],"predecessor-version":[{"id":1184,"href":"https:\/\/blogs.fu-berlin.de\/aew-news\/wp-json\/wp\/v2\/posts\/1183\/revisions\/1184"}],"wp:attachment":[{"href":"https:\/\/blogs.fu-berlin.de\/aew-news\/wp-json\/wp\/v2\/media?parent=1183"}],"wp:term":[{"taxonomy":"category","embeddable":true,"href":"https:\/\/blogs.fu-berlin.de\/aew-news\/wp-json\/wp\/v2\/categories?post=1183"},{"taxonomy":"post_tag","embeddable":true,"href":"https:\/\/blogs.fu-berlin.de\/aew-news\/wp-json\/wp\/v2\/tags?post=1183"}],"curies":[{"name":"wp","href":"https:\/\/api.w.org\/{rel}","templated":true}]}}