{"id":1186,"date":"2025-05-13T21:03:56","date_gmt":"2025-05-13T19:03:56","guid":{"rendered":"https:\/\/blogs.fu-berlin.de\/aew-news\/?p=1186"},"modified":"2025-12-03T15:23:01","modified_gmt":"2025-12-03T13:23:01","slug":"kolloquium-3","status":"publish","type":"post","link":"https:\/\/blogs.fu-berlin.de\/aew-news\/2025\/05\/13\/kolloquium-3\/","title":{"rendered":"Kolloquium 4"},"content":{"rendered":"<p>Am 13. Mai 2025 hat erneut ein arbeitsbereichs\u00fcbergreifendes Doktorand*innenkolloquium stattgefunden. Beteiligt sind derzeit jeweils die Arbeitsbereiche Organisationsp\u00e4dagogik (Prof. Truschkat), Sozialp\u00e4dagogik (Prof. Urban-Stahl), Fr\u00fchkindliche Bildungsforschung (Prof. Kluczniok) und Allgemeine Erziehungswissenschaft (Prof. Bormann). Themen waren unter anderem die Bedeutung, Anforderungen, Elemente und Planung Kumulativer bzw. Publikationsbasierter Dissertationen.<\/p>\n","protected":false},"excerpt":{"rendered":"<p>Am 13. Mai 2025 hat erneut ein arbeitsbereichs\u00fcbergreifendes Doktorand*innenkolloquium stattgefunden. Beteiligt sind derzeit jeweils die Arbeitsbereiche Organisationsp\u00e4dagogik (Prof. Truschkat), Sozialp\u00e4dagogik (Prof. Urban-Stahl), Fr\u00fchkindliche Bildungsforschung (Prof. Kluczniok) und Allgemeine Erziehungswissenschaft (Prof. Bormann). Themen waren unter anderem die Bedeutung, Anforderungen, Elemente und Planung Kumulativer bzw. Publikationsbasierter Dissertationen.<\/p>\n","protected":false},"author":2138,"featured_media":0,"comment_status":"closed","ping_status":"open","sticky":false,"template":"","format":"standard","meta":{"footnotes":""},"categories":[12042],"tags":[],"class_list":["post-1186","post","type-post","status-publish","format-standard","hentry","category-forschung"],"_links":{"self":[{"href":"https:\/\/blogs.fu-berlin.de\/aew-news\/wp-json\/wp\/v2\/posts\/1186","targetHints":{"allow":["GET"]}}],"collection":[{"href":"https:\/\/blogs.fu-berlin.de\/aew-news\/wp-json\/wp\/v2\/posts"}],"about":[{"href":"https:\/\/blogs.fu-berlin.de\/aew-news\/wp-json\/wp\/v2\/types\/post"}],"author":[{"embeddable":true,"href":"https:\/\/blogs.fu-berlin.de\/aew-news\/wp-json\/wp\/v2\/users\/2138"}],"replies":[{"embeddable":true,"href":"https:\/\/blogs.fu-berlin.de\/aew-news\/wp-json\/wp\/v2\/comments?post=1186"}],"version-history":[{"count":2,"href":"https:\/\/blogs.fu-berlin.de\/aew-news\/wp-json\/wp\/v2\/posts\/1186\/revisions"}],"predecessor-version":[{"id":1246,"href":"https:\/\/blogs.fu-berlin.de\/aew-news\/wp-json\/wp\/v2\/posts\/1186\/revisions\/1246"}],"wp:attachment":[{"href":"https:\/\/blogs.fu-berlin.de\/aew-news\/wp-json\/wp\/v2\/media?parent=1186"}],"wp:term":[{"taxonomy":"category","embeddable":true,"href":"https:\/\/blogs.fu-berlin.de\/aew-news\/wp-json\/wp\/v2\/categories?post=1186"},{"taxonomy":"post_tag","embeddable":true,"href":"https:\/\/blogs.fu-berlin.de\/aew-news\/wp-json\/wp\/v2\/tags?post=1186"}],"curies":[{"name":"wp","href":"https:\/\/api.w.org\/{rel}","templated":true}]}}