{"id":1211,"date":"2025-08-26T16:37:53","date_gmt":"2025-08-26T14:37:53","guid":{"rendered":"https:\/\/blogs.fu-berlin.de\/aew-news\/?p=1211"},"modified":"2025-08-26T16:45:31","modified_gmt":"2025-08-26T14:45:31","slug":"themenheft-3-2025-der-zse-zu-vulnerabilitaet-und-vertrauen-mit-beitraegen-aus-dem-arbeitsbereich-erschienen","status":"publish","type":"post","link":"https:\/\/blogs.fu-berlin.de\/aew-news\/2025\/08\/26\/themenheft-3-2025-der-zse-zu-vulnerabilitaet-und-vertrauen-mit-beitraegen-aus-dem-arbeitsbereich-erschienen\/","title":{"rendered":"Themenheft 3\/2025 der ZSE zu &#8222;Vulnerabilit\u00e4t und Vertrauen&#8220; mit Beitr\u00e4gen aus dem Arbeitsbereich erschienen"},"content":{"rendered":"<p>Das gemeinsam mit Prof. Dr. Philipp Sandermann (L\u00fcneburg) herausgegebene <a href=\"https:\/\/www.beltz.de\/fachmedien\/erziehungswissenschaft\/zeitschriften\/zeitschrift_fuer_soziologie_der_erziehung_und_sozialisation.html\">Themenheft 3\/2025 der Zeitschrift f\u00fcr Soziologie der Erziehung und Sozialisation zum Schwerpunkt &#8222;Vulnerabilit\u00e4t und Vertrauen&#8220;<\/a> ist erschienen. Das Heft umfasst vier Beitr\u00e4ge:<\/p>\n<ul>\n<li style=\"list-style-type: none\">\n<ul>\n<li>Vanessa Schwenker: Trust and Vulnerability in Early Childhood Parenting Education<\/li>\n<li>Iris W\u00fcrbel\/Inka Bormann: Subjektives Wohlbefinden zwischen Vulnerabilit\u00e4t und Agency &#8211; Selbstpositionierungen von Kindern in der Covid-19-Pandemie<\/li>\n<li>Teija Koskela: Signs of Trust &#8211; Parents&#8216; Vulnerability and Trust when Collaborating with their Child&#8217;s Teacher<\/li>\n<li>Inka Bormann\/Veronika Magyar-Haas\/Philipp Sandermann: Vulnerabilit\u00e4t und Vertrauen. Theoretische und methodische \u00dcberlegungen zur empirischen Untersuchung des Verh\u00e4ltnisses zweier konstitutiver Elemente der P\u00e4dagogik<\/li>\n<\/ul>\n<\/li>\n<\/ul>\n","protected":false},"excerpt":{"rendered":"<p>Das gemeinsam mit Prof. Dr. Philipp Sandermann (L\u00fcneburg) herausgegebene Themenheft 3\/2025 der Zeitschrift f\u00fcr Soziologie der Erziehung und Sozialisation zum Schwerpunkt &#8222;Vulnerabilit\u00e4t und Vertrauen&#8220; ist erschienen. Das Heft umfasst vier Beitr\u00e4ge: Vanessa Schwenker: Trust and Vulnerability in Early Childhood Parenting Education Iris W\u00fcrbel\/Inka Bormann: Subjektives Wohlbefinden zwischen Vulnerabilit\u00e4t und Agency &#8211; Selbstpositionierungen von Kindern in &hellip; <a href=\"https:\/\/blogs.fu-berlin.de\/aew-news\/2025\/08\/26\/themenheft-3-2025-der-zse-zu-vulnerabilitaet-und-vertrauen-mit-beitraegen-aus-dem-arbeitsbereich-erschienen\/\" class=\"more-link\"><span class=\"screen-reader-text\">\u201eThemenheft 3\/2025 der ZSE zu &#8222;Vulnerabilit\u00e4t und Vertrauen&#8220; mit Beitr\u00e4gen aus dem Arbeitsbereich erschienen\u201c<\/span> weiterlesen<\/a><\/p>\n","protected":false},"author":2138,"featured_media":0,"comment_status":"closed","ping_status":"open","sticky":false,"template":"","format":"standard","meta":{"footnotes":""},"categories":[12042],"tags":[],"class_list":["post-1211","post","type-post","status-publish","format-standard","hentry","category-forschung"],"_links":{"self":[{"href":"https:\/\/blogs.fu-berlin.de\/aew-news\/wp-json\/wp\/v2\/posts\/1211","targetHints":{"allow":["GET"]}}],"collection":[{"href":"https:\/\/blogs.fu-berlin.de\/aew-news\/wp-json\/wp\/v2\/posts"}],"about":[{"href":"https:\/\/blogs.fu-berlin.de\/aew-news\/wp-json\/wp\/v2\/types\/post"}],"author":[{"embeddable":true,"href":"https:\/\/blogs.fu-berlin.de\/aew-news\/wp-json\/wp\/v2\/users\/2138"}],"replies":[{"embeddable":true,"href":"https:\/\/blogs.fu-berlin.de\/aew-news\/wp-json\/wp\/v2\/comments?post=1211"}],"version-history":[{"count":3,"href":"https:\/\/blogs.fu-berlin.de\/aew-news\/wp-json\/wp\/v2\/posts\/1211\/revisions"}],"predecessor-version":[{"id":1217,"href":"https:\/\/blogs.fu-berlin.de\/aew-news\/wp-json\/wp\/v2\/posts\/1211\/revisions\/1217"}],"wp:attachment":[{"href":"https:\/\/blogs.fu-berlin.de\/aew-news\/wp-json\/wp\/v2\/media?parent=1211"}],"wp:term":[{"taxonomy":"category","embeddable":true,"href":"https:\/\/blogs.fu-berlin.de\/aew-news\/wp-json\/wp\/v2\/categories?post=1211"},{"taxonomy":"post_tag","embeddable":true,"href":"https:\/\/blogs.fu-berlin.de\/aew-news\/wp-json\/wp\/v2\/tags?post=1211"}],"curies":[{"name":"wp","href":"https:\/\/api.w.org\/{rel}","templated":true}]}}