{"id":494,"date":"2019-07-10T16:29:14","date_gmt":"2019-07-10T14:29:14","guid":{"rendered":"https:\/\/blogs.fu-berlin.de\/aew-news\/?p=494"},"modified":"2019-07-10T18:07:41","modified_gmt":"2019-07-10T16:07:41","slug":"aufsatz-zur-veroeffentlichung-in-leadership-and-policy-in-schools-angenommen","status":"publish","type":"post","link":"https:\/\/blogs.fu-berlin.de\/aew-news\/2019\/07\/10\/aufsatz-zur-veroeffentlichung-in-leadership-and-policy-in-schools-angenommen\/","title":{"rendered":"Artikel zu Distributed Leadership in &#8218;Leadership and Policy in Schools&#8216; erschienen"},"content":{"rendered":"<p>In der Zeitschrift <a href=\"https:\/\/www.tandfonline.com\/toc\/nlps20\/current\">Leadership and Policy in Schools<\/a> ist der Aufsatz von Enik\u00f6 Zala-Mez\u00f6, Inka Bormann, Nina-Cathrin Strau\u00df und Daniela M\u00fcller erschienen. Der Volltext ist <a href=\"https:\/\/www.tandfonline.com\/eprint\/72YQZW7GFM3BAHZ7PPGD\/full?target=10.1080\/15700763.2019.1631855\">hier<\/a> zug\u00e4nglich.<\/p>\n<p>Abstract<\/p>\n<p>In this paper we connect the concepts of distributed leadership (DL) and educational change by asking: How do different practices of DL relate to change in schools? We answer this question by studying 12 schools in Switzerland during the implementation of the \u201cEducation for Sustainable Development\u201d concept. In an embedded mixed methods design we analyzed semi-structured interviews and used an online survey where all school members assessed change processes in their school. We found that the leadership strategy within schools appears to align with the quality of change: the more efficient the leadership strategy, the deeper the perceived change.<\/p>\n<p>&nbsp;<\/p>\n","protected":false},"excerpt":{"rendered":"<p>In der Zeitschrift Leadership and Policy in Schools ist der Aufsatz von Enik\u00f6 Zala-Mez\u00f6, Inka Bormann, Nina-Cathrin Strau\u00df und Daniela M\u00fcller erschienen. Der Volltext ist hier zug\u00e4nglich. Abstract In this paper we connect the concepts of distributed leadership (DL) and educational change by asking: How do different practices of DL relate to change in schools? &hellip; <a href=\"https:\/\/blogs.fu-berlin.de\/aew-news\/2019\/07\/10\/aufsatz-zur-veroeffentlichung-in-leadership-and-policy-in-schools-angenommen\/\" class=\"more-link\"><span class=\"screen-reader-text\">\u201eArtikel zu Distributed Leadership in &#8218;Leadership and Policy in Schools&#8216; erschienen\u201c<\/span> weiterlesen<\/a><\/p>\n","protected":false},"author":2138,"featured_media":0,"comment_status":"closed","ping_status":"closed","sticky":false,"template":"","format":"standard","meta":{"footnotes":""},"categories":[12042],"tags":[],"class_list":["post-494","post","type-post","status-publish","format-standard","hentry","category-forschung"],"_links":{"self":[{"href":"https:\/\/blogs.fu-berlin.de\/aew-news\/wp-json\/wp\/v2\/posts\/494","targetHints":{"allow":["GET"]}}],"collection":[{"href":"https:\/\/blogs.fu-berlin.de\/aew-news\/wp-json\/wp\/v2\/posts"}],"about":[{"href":"https:\/\/blogs.fu-berlin.de\/aew-news\/wp-json\/wp\/v2\/types\/post"}],"author":[{"embeddable":true,"href":"https:\/\/blogs.fu-berlin.de\/aew-news\/wp-json\/wp\/v2\/users\/2138"}],"replies":[{"embeddable":true,"href":"https:\/\/blogs.fu-berlin.de\/aew-news\/wp-json\/wp\/v2\/comments?post=494"}],"version-history":[{"count":6,"href":"https:\/\/blogs.fu-berlin.de\/aew-news\/wp-json\/wp\/v2\/posts\/494\/revisions"}],"predecessor-version":[{"id":517,"href":"https:\/\/blogs.fu-berlin.de\/aew-news\/wp-json\/wp\/v2\/posts\/494\/revisions\/517"}],"wp:attachment":[{"href":"https:\/\/blogs.fu-berlin.de\/aew-news\/wp-json\/wp\/v2\/media?parent=494"}],"wp:term":[{"taxonomy":"category","embeddable":true,"href":"https:\/\/blogs.fu-berlin.de\/aew-news\/wp-json\/wp\/v2\/categories?post=494"},{"taxonomy":"post_tag","embeddable":true,"href":"https:\/\/blogs.fu-berlin.de\/aew-news\/wp-json\/wp\/v2\/tags?post=494"}],"curies":[{"name":"wp","href":"https:\/\/api.w.org\/{rel}","templated":true}]}}