{"id":501,"date":"2019-05-11T06:09:39","date_gmt":"2019-05-11T04:09:39","guid":{"rendered":"https:\/\/blogs.fu-berlin.de\/aew-news\/?p=501"},"modified":"2019-05-11T06:13:45","modified_gmt":"2019-05-11T04:13:45","slug":"leitlinie-erschienen","status":"publish","type":"post","link":"https:\/\/blogs.fu-berlin.de\/aew-news\/2019\/05\/11\/leitlinie-erschienen\/","title":{"rendered":"Leitlinie &#8218;Bildung f\u00fcr nachhaltige Entwicklung&#8216; des Ministeriums f\u00fcr Schule und Bildung (NRW) ver\u00f6ffentlicht"},"content":{"rendered":"<p>Das Ministerium f\u00fcr Schule und Bildung des Landes Nordrhein-Westfalen hat im Mai 2019 die <a href=\"https:\/\/www.schulministerium.nrw.de\/docs\/Schulsystem\/Unterricht\/BNE\/Kontext\/Leitlinie_BNE.pdf\">Leitlinie Bildung f\u00fcr nachhaltige Entwicklung<\/a> ver\u00f6ffentlicht. Die Leitlinie soll bei der k\u00fcnftigen Verankerung einer kompetenzorientierten Bildung f\u00fcr nachhaltige Entwicklung in Unterricht und Schule Orientierung geben und eine Hilfestellung\u00a0f\u00fcr die k\u00fcnftige \u00dcberarbeitung von Lehrpl\u00e4nen, f\u00fcr die Entwicklung schulinterner Lehrpl\u00e4ne sowie bei der Fort- und Weiterbildung von Lehrkr\u00e4ften sein. Inka Bormann war Teil des Redaktionsteams und hat mit den Lehrplananalysen, die an ihrem Arbeitsbereich im Auftrag des Ministeriums durchgef\u00fchrt wurden, Grundlagen f\u00fcr das Dokument beigesteuert.<\/p>\n","protected":false},"excerpt":{"rendered":"<p>Das Ministerium f\u00fcr Schule und Bildung des Landes Nordrhein-Westfalen hat im Mai 2019 die Leitlinie Bildung f\u00fcr nachhaltige Entwicklung ver\u00f6ffentlicht. Die Leitlinie soll bei der k\u00fcnftigen Verankerung einer kompetenzorientierten Bildung f\u00fcr nachhaltige Entwicklung in Unterricht und Schule Orientierung geben und eine Hilfestellung\u00a0f\u00fcr die k\u00fcnftige \u00dcberarbeitung von Lehrpl\u00e4nen, f\u00fcr die Entwicklung schulinterner Lehrpl\u00e4ne sowie bei der &hellip; <a href=\"https:\/\/blogs.fu-berlin.de\/aew-news\/2019\/05\/11\/leitlinie-erschienen\/\" class=\"more-link\"><span class=\"screen-reader-text\">\u201eLeitlinie &#8218;Bildung f\u00fcr nachhaltige Entwicklung&#8216; des Ministeriums f\u00fcr Schule und Bildung (NRW) ver\u00f6ffentlicht\u201c<\/span> weiterlesen<\/a><\/p>\n","protected":false},"author":2138,"featured_media":0,"comment_status":"closed","ping_status":"open","sticky":false,"template":"","format":"standard","meta":{"footnotes":""},"categories":[12042],"tags":[],"class_list":["post-501","post","type-post","status-publish","format-standard","hentry","category-forschung"],"_links":{"self":[{"href":"https:\/\/blogs.fu-berlin.de\/aew-news\/wp-json\/wp\/v2\/posts\/501","targetHints":{"allow":["GET"]}}],"collection":[{"href":"https:\/\/blogs.fu-berlin.de\/aew-news\/wp-json\/wp\/v2\/posts"}],"about":[{"href":"https:\/\/blogs.fu-berlin.de\/aew-news\/wp-json\/wp\/v2\/types\/post"}],"author":[{"embeddable":true,"href":"https:\/\/blogs.fu-berlin.de\/aew-news\/wp-json\/wp\/v2\/users\/2138"}],"replies":[{"embeddable":true,"href":"https:\/\/blogs.fu-berlin.de\/aew-news\/wp-json\/wp\/v2\/comments?post=501"}],"version-history":[{"count":4,"href":"https:\/\/blogs.fu-berlin.de\/aew-news\/wp-json\/wp\/v2\/posts\/501\/revisions"}],"predecessor-version":[{"id":506,"href":"https:\/\/blogs.fu-berlin.de\/aew-news\/wp-json\/wp\/v2\/posts\/501\/revisions\/506"}],"wp:attachment":[{"href":"https:\/\/blogs.fu-berlin.de\/aew-news\/wp-json\/wp\/v2\/media?parent=501"}],"wp:term":[{"taxonomy":"category","embeddable":true,"href":"https:\/\/blogs.fu-berlin.de\/aew-news\/wp-json\/wp\/v2\/categories?post=501"},{"taxonomy":"post_tag","embeddable":true,"href":"https:\/\/blogs.fu-berlin.de\/aew-news\/wp-json\/wp\/v2\/tags?post=501"}],"curies":[{"name":"wp","href":"https:\/\/api.w.org\/{rel}","templated":true}]}}