{"id":519,"date":"2019-08-20T15:35:53","date_gmt":"2019-08-20T13:35:53","guid":{"rendered":"https:\/\/blogs.fu-berlin.de\/aew-news\/?p=519"},"modified":"2020-12-09T18:50:32","modified_gmt":"2020-12-09T16:50:32","slug":"selbstverpflichtung-zum-verzicht-auf-dienstliche-kurzstreckenfluege","status":"publish","type":"post","link":"https:\/\/blogs.fu-berlin.de\/aew-news\/2019\/08\/20\/selbstverpflichtung-zum-verzicht-auf-dienstliche-kurzstreckenfluege\/","title":{"rendered":"Selbstverpflichtung zum Verzicht auf dienstliche Kurzstreckenfl\u00fcge"},"content":{"rendered":"<p>Die Freie Universit\u00e4t Berlin schlie\u00dft sich der Initiative der Technischen Universit\u00e4t Berlin und der Humboldt Universit\u00e4t zu Berlin zum Verzicht auf Kurzstreckenfl\u00fcge an. Ziel ist es, bis zum 20.9.2019 an der Freien Universit\u00e4t Berlin insgesamt 500 Selbstverpflichtungen zu sammeln.<\/p>\n<p>Die Selbstverpflichtung kann auf der Homepage der Stabsstelle f\u00fcr Nachhaltigkeit und Energie unterzeichnet werden: <a href=\"https:\/\/ssl2.cms.fu-berlin.de\/fu-berlin\/sites\/nachhaltigkeit\/handlungsfelder\/campus\/mobilitaet\/PM_selbstverpflichtung\/index.html\">https:\/\/ssl2.cms.fu-berlin.de\/fu-berlin\/sites\/nachhaltigkeit\/handlungsfelder\/campus\/mobilitaet\/PM_selbstverpflichtung\/index.html<\/a><\/p>\n","protected":false},"excerpt":{"rendered":"<p>Die Freie Universit\u00e4t Berlin schlie\u00dft sich der Initiative der Technischen Universit\u00e4t Berlin und der Humboldt Universit\u00e4t zu Berlin zum Verzicht auf Kurzstreckenfl\u00fcge an. Ziel ist es, bis zum 20.9.2019 an der Freien Universit\u00e4t Berlin insgesamt 500 Selbstverpflichtungen zu sammeln. Die Selbstverpflichtung kann auf der Homepage der Stabsstelle f\u00fcr Nachhaltigkeit und Energie unterzeichnet werden: https:\/\/ssl2.cms.fu-berlin.de\/fu-berlin\/sites\/nachhaltigkeit\/handlungsfelder\/campus\/mobilitaet\/PM_selbstverpflichtung\/index.html<\/p>\n","protected":false},"author":2138,"featured_media":0,"comment_status":"closed","ping_status":"closed","sticky":false,"template":"","format":"standard","meta":{"footnotes":""},"categories":[12042],"tags":[],"class_list":["post-519","post","type-post","status-publish","format-standard","hentry","category-forschung"],"_links":{"self":[{"href":"https:\/\/blogs.fu-berlin.de\/aew-news\/wp-json\/wp\/v2\/posts\/519","targetHints":{"allow":["GET"]}}],"collection":[{"href":"https:\/\/blogs.fu-berlin.de\/aew-news\/wp-json\/wp\/v2\/posts"}],"about":[{"href":"https:\/\/blogs.fu-berlin.de\/aew-news\/wp-json\/wp\/v2\/types\/post"}],"author":[{"embeddable":true,"href":"https:\/\/blogs.fu-berlin.de\/aew-news\/wp-json\/wp\/v2\/users\/2138"}],"replies":[{"embeddable":true,"href":"https:\/\/blogs.fu-berlin.de\/aew-news\/wp-json\/wp\/v2\/comments?post=519"}],"version-history":[{"count":2,"href":"https:\/\/blogs.fu-berlin.de\/aew-news\/wp-json\/wp\/v2\/posts\/519\/revisions"}],"predecessor-version":[{"id":521,"href":"https:\/\/blogs.fu-berlin.de\/aew-news\/wp-json\/wp\/v2\/posts\/519\/revisions\/521"}],"wp:attachment":[{"href":"https:\/\/blogs.fu-berlin.de\/aew-news\/wp-json\/wp\/v2\/media?parent=519"}],"wp:term":[{"taxonomy":"category","embeddable":true,"href":"https:\/\/blogs.fu-berlin.de\/aew-news\/wp-json\/wp\/v2\/categories?post=519"},{"taxonomy":"post_tag","embeddable":true,"href":"https:\/\/blogs.fu-berlin.de\/aew-news\/wp-json\/wp\/v2\/tags?post=519"}],"curies":[{"name":"wp","href":"https:\/\/api.w.org\/{rel}","templated":true}]}}