{"id":557,"date":"2020-12-02T11:08:27","date_gmt":"2020-12-02T09:08:27","guid":{"rendered":"https:\/\/blogs.fu-berlin.de\/aew-news\/?p=557"},"modified":"2020-12-16T17:26:56","modified_gmt":"2020-12-16T15:26:56","slug":"vortrag-bei-der-tagung-in-education-we-trust-am-gei-braunschweig","status":"publish","type":"post","link":"https:\/\/blogs.fu-berlin.de\/aew-news\/2020\/12\/02\/vortrag-bei-der-tagung-in-education-we-trust-am-gei-braunschweig\/","title":{"rendered":"Vortrag bei der Tagung &#8222;In Education We Trust&#8220;"},"content":{"rendered":"<p>Gemeinsam haben Prof. Dr. Barbara Thies (Technische Universit\u00e4t Braunschweig) und Prof. Dr. Inka Bormann bei der diesj\u00e4hrigen Tagung des Georg-Eckert-Institut, Leibniz-Institut f\u00fcr Schulbuchforschung &#8222;<a href=\"http:\/\/www.gei.de\/en\/trust.html\">In Education We Trust<\/a>&#8220; Ergebnisse ihrer Forschung zum &#8222;<em>Habituellen Vertrauen als Ressource f\u00fcr Bildungsbiographien<\/em>&#8220; pr\u00e4sentiert.<br \/>\nAufgrund der Coronavirus Pandemie fand die Tagung am 10. Dezember 2020\u00a0 als online-Veranstaltung statt.<\/p>\n","protected":false},"excerpt":{"rendered":"<p>Gemeinsam haben Prof. Dr. Barbara Thies (Technische Universit\u00e4t Braunschweig) und Prof. Dr. Inka Bormann bei der diesj\u00e4hrigen Tagung des Georg-Eckert-Institut, Leibniz-Institut f\u00fcr Schulbuchforschung &#8222;In Education We Trust&#8220; Ergebnisse ihrer Forschung zum &#8222;Habituellen Vertrauen als Ressource f\u00fcr Bildungsbiographien&#8220; pr\u00e4sentiert. Aufgrund der Coronavirus Pandemie fand die Tagung am 10. Dezember 2020\u00a0 als online-Veranstaltung statt.<\/p>\n","protected":false},"author":2138,"featured_media":0,"comment_status":"closed","ping_status":"closed","sticky":false,"template":"","format":"standard","meta":{"footnotes":""},"categories":[12042],"tags":[],"class_list":["post-557","post","type-post","status-publish","format-standard","hentry","category-forschung"],"_links":{"self":[{"href":"https:\/\/blogs.fu-berlin.de\/aew-news\/wp-json\/wp\/v2\/posts\/557","targetHints":{"allow":["GET"]}}],"collection":[{"href":"https:\/\/blogs.fu-berlin.de\/aew-news\/wp-json\/wp\/v2\/posts"}],"about":[{"href":"https:\/\/blogs.fu-berlin.de\/aew-news\/wp-json\/wp\/v2\/types\/post"}],"author":[{"embeddable":true,"href":"https:\/\/blogs.fu-berlin.de\/aew-news\/wp-json\/wp\/v2\/users\/2138"}],"replies":[{"embeddable":true,"href":"https:\/\/blogs.fu-berlin.de\/aew-news\/wp-json\/wp\/v2\/comments?post=557"}],"version-history":[{"count":13,"href":"https:\/\/blogs.fu-berlin.de\/aew-news\/wp-json\/wp\/v2\/posts\/557\/revisions"}],"predecessor-version":[{"id":688,"href":"https:\/\/blogs.fu-berlin.de\/aew-news\/wp-json\/wp\/v2\/posts\/557\/revisions\/688"}],"wp:attachment":[{"href":"https:\/\/blogs.fu-berlin.de\/aew-news\/wp-json\/wp\/v2\/media?parent=557"}],"wp:term":[{"taxonomy":"category","embeddable":true,"href":"https:\/\/blogs.fu-berlin.de\/aew-news\/wp-json\/wp\/v2\/categories?post=557"},{"taxonomy":"post_tag","embeddable":true,"href":"https:\/\/blogs.fu-berlin.de\/aew-news\/wp-json\/wp\/v2\/tags?post=557"}],"curies":[{"name":"wp","href":"https:\/\/api.w.org\/{rel}","templated":true}]}}