{"id":570,"date":"2020-03-17T10:30:48","date_gmt":"2020-03-17T08:30:48","guid":{"rendered":"https:\/\/blogs.fu-berlin.de\/aew-news\/?p=570"},"modified":"2020-04-17T08:16:51","modified_gmt":"2020-04-17T06:16:51","slug":"wie-verbreiten-sich-innovationen-aufsatz-zur-methode-der-cognitive-affective-maps","status":"publish","type":"post","link":"https:\/\/blogs.fu-berlin.de\/aew-news\/2020\/03\/17\/wie-verbreiten-sich-innovationen-aufsatz-zur-methode-der-cognitive-affective-maps\/","title":{"rendered":"Wie verbreiten sich Innovationen? Aufsatz zur Kombination von cognitive-affective maps und Diskursanalysen ver\u00f6ffentlicht"},"content":{"rendered":"<p>Wie verbreiten sich Innovationen? Was unterst\u00fctzt oder erschwert den Transfer von Innovationen? Diesen Fragen wurde am Beispiel der Implementierung neuer Praktiken in Einrichtungen der Fr\u00fchkindlichen Bildung von Jasmin Luthardt, Tobias Schr\u00f6der, Frauke Hildebrand und Inka Bormann nachgegangen. Untersucht wurde, wie bildungspolitische Vorstellungen sich in Fortbildungsprogrammen niederschlagen und wie diese schlie\u00dflich von p\u00e4dagogischen Fachkr\u00e4ften wahrgenommen und beurteilt werden. Dazu wurde eine neuartige Kombination von Methoden entwickelt: Mit sogenannten Cognitive-Affective Maps (CAMs) und Diskursanalysen wurde erschlossen, wie Aspekte einer Innovationsaufforderung wahrgenommen werden und wie diese Aspekte affektiv aufgeladen sind.<br \/>\nDer Artikel steht <a href=\"http:\/\/journal.frontiersin.org\/article\/10.3389\/feduc.2020.00033\/full?&amp;utm_source=Email_to_authors_&amp;utm_medium=Email&amp;utm_content=T1_11.5e1_author&amp;utm_campaign=Email_publication&amp;field=&amp;journalName=Frontiers_in_Education&amp;id=478155\">hier open access zum downlowad <\/a>bereit.<\/p>\n","protected":false},"excerpt":{"rendered":"<p>Wie verbreiten sich Innovationen? Was unterst\u00fctzt oder erschwert den Transfer von Innovationen? Diesen Fragen wurde am Beispiel der Implementierung neuer Praktiken in Einrichtungen der Fr\u00fchkindlichen Bildung von Jasmin Luthardt, Tobias Schr\u00f6der, Frauke Hildebrand und Inka Bormann nachgegangen. Untersucht wurde, wie bildungspolitische Vorstellungen sich in Fortbildungsprogrammen niederschlagen und wie diese schlie\u00dflich von p\u00e4dagogischen Fachkr\u00e4ften wahrgenommen und &hellip; <a href=\"https:\/\/blogs.fu-berlin.de\/aew-news\/2020\/03\/17\/wie-verbreiten-sich-innovationen-aufsatz-zur-methode-der-cognitive-affective-maps\/\" class=\"more-link\"><span class=\"screen-reader-text\">\u201eWie verbreiten sich Innovationen? Aufsatz zur Kombination von cognitive-affective maps und Diskursanalysen ver\u00f6ffentlicht\u201c<\/span> weiterlesen<\/a><\/p>\n","protected":false},"author":2138,"featured_media":0,"comment_status":"closed","ping_status":"open","sticky":false,"template":"","format":"standard","meta":{"footnotes":""},"categories":[12042],"tags":[],"class_list":["post-570","post","type-post","status-publish","format-standard","hentry","category-forschung"],"_links":{"self":[{"href":"https:\/\/blogs.fu-berlin.de\/aew-news\/wp-json\/wp\/v2\/posts\/570","targetHints":{"allow":["GET"]}}],"collection":[{"href":"https:\/\/blogs.fu-berlin.de\/aew-news\/wp-json\/wp\/v2\/posts"}],"about":[{"href":"https:\/\/blogs.fu-berlin.de\/aew-news\/wp-json\/wp\/v2\/types\/post"}],"author":[{"embeddable":true,"href":"https:\/\/blogs.fu-berlin.de\/aew-news\/wp-json\/wp\/v2\/users\/2138"}],"replies":[{"embeddable":true,"href":"https:\/\/blogs.fu-berlin.de\/aew-news\/wp-json\/wp\/v2\/comments?post=570"}],"version-history":[{"count":5,"href":"https:\/\/blogs.fu-berlin.de\/aew-news\/wp-json\/wp\/v2\/posts\/570\/revisions"}],"predecessor-version":[{"id":595,"href":"https:\/\/blogs.fu-berlin.de\/aew-news\/wp-json\/wp\/v2\/posts\/570\/revisions\/595"}],"wp:attachment":[{"href":"https:\/\/blogs.fu-berlin.de\/aew-news\/wp-json\/wp\/v2\/media?parent=570"}],"wp:term":[{"taxonomy":"category","embeddable":true,"href":"https:\/\/blogs.fu-berlin.de\/aew-news\/wp-json\/wp\/v2\/categories?post=570"},{"taxonomy":"post_tag","embeddable":true,"href":"https:\/\/blogs.fu-berlin.de\/aew-news\/wp-json\/wp\/v2\/tags?post=570"}],"curies":[{"name":"wp","href":"https:\/\/api.w.org\/{rel}","templated":true}]}}