{"id":649,"date":"2021-08-05T14:42:16","date_gmt":"2021-08-05T12:42:16","guid":{"rendered":"https:\/\/blogs.fu-berlin.de\/aew-news\/?p=649"},"modified":"2021-08-09T09:29:44","modified_gmt":"2021-08-09T07:29:44","slug":"beitrag-zu-einstellungen-paedagogischer-fachkraefte-zu-anregenden-interaktionen-akzeptiert","status":"publish","type":"post","link":"https:\/\/blogs.fu-berlin.de\/aew-news\/2021\/08\/05\/beitrag-zu-einstellungen-paedagogischer-fachkraefte-zu-anregenden-interaktionen-akzeptiert\/","title":{"rendered":"Artikel \u00fcber &#8222;Einstellungen p\u00e4dagogischer Fachkr\u00e4fte zu anregenden Interaktionen&#8220; erschienen"},"content":{"rendered":"<p>Der Beitrag &#8222;<em>Einstellungen p\u00e4dagogischer Fachkr\u00e4fte zu anregenden Interaktionen in Kindertagesst\u00e4tten \u2013 Fortbildungsbedarfe entdecken mit Cognitive-affective maps<\/em>&#8220; von Jasmin Luthardt, Inka Bormann und Frauke Hildebrandt wurde in der Fachzeitschrift <em>Fr\u00fche Bildung<\/em> (in Heft 3\/2021) ver\u00f6ffentlicht.\u00a0In dem Aufsatz wird vorgestellt, welche Einstellungen Teams p\u00e4dagogischer Fachkr\u00e4fte aus unterschiedlichen Einrichtungen zu kognitiv-anregenden Interaktionen haben und wie sie ihre eigenen Interaktionen mit den Kindern bewerten. Auf dieser Basis wird diskutiert, wie cognitive-affective maps f\u00fcr die gezielte, teamspezifische Konzipierung und Durchf\u00fchrung von Fortbildungen eingesetzt werden k\u00f6nnen. Der <a href=\"https:\/\/econtent.hogrefe.com\/doi\/full\/10.1026\/2191-9186\/a000531\">Volltext ist hier zug\u00e4nglich<\/a>.<\/p>\n","protected":false},"excerpt":{"rendered":"<p>Der Beitrag &#8222;Einstellungen p\u00e4dagogischer Fachkr\u00e4fte zu anregenden Interaktionen in Kindertagesst\u00e4tten \u2013 Fortbildungsbedarfe entdecken mit Cognitive-affective maps&#8220; von Jasmin Luthardt, Inka Bormann und Frauke Hildebrandt wurde in der Fachzeitschrift Fr\u00fche Bildung (in Heft 3\/2021) ver\u00f6ffentlicht.\u00a0In dem Aufsatz wird vorgestellt, welche Einstellungen Teams p\u00e4dagogischer Fachkr\u00e4fte aus unterschiedlichen Einrichtungen zu kognitiv-anregenden Interaktionen haben und wie sie ihre eigenen &hellip; <a href=\"https:\/\/blogs.fu-berlin.de\/aew-news\/2021\/08\/05\/beitrag-zu-einstellungen-paedagogischer-fachkraefte-zu-anregenden-interaktionen-akzeptiert\/\" class=\"more-link\"><span class=\"screen-reader-text\">\u201eArtikel \u00fcber &#8222;Einstellungen p\u00e4dagogischer Fachkr\u00e4fte zu anregenden Interaktionen&#8220; erschienen\u201c<\/span> weiterlesen<\/a><\/p>\n","protected":false},"author":2138,"featured_media":0,"comment_status":"closed","ping_status":"closed","sticky":false,"template":"","format":"standard","meta":{"footnotes":""},"categories":[12042],"tags":[],"class_list":["post-649","post","type-post","status-publish","format-standard","hentry","category-forschung"],"_links":{"self":[{"href":"https:\/\/blogs.fu-berlin.de\/aew-news\/wp-json\/wp\/v2\/posts\/649","targetHints":{"allow":["GET"]}}],"collection":[{"href":"https:\/\/blogs.fu-berlin.de\/aew-news\/wp-json\/wp\/v2\/posts"}],"about":[{"href":"https:\/\/blogs.fu-berlin.de\/aew-news\/wp-json\/wp\/v2\/types\/post"}],"author":[{"embeddable":true,"href":"https:\/\/blogs.fu-berlin.de\/aew-news\/wp-json\/wp\/v2\/users\/2138"}],"replies":[{"embeddable":true,"href":"https:\/\/blogs.fu-berlin.de\/aew-news\/wp-json\/wp\/v2\/comments?post=649"}],"version-history":[{"count":9,"href":"https:\/\/blogs.fu-berlin.de\/aew-news\/wp-json\/wp\/v2\/posts\/649\/revisions"}],"predecessor-version":[{"id":743,"href":"https:\/\/blogs.fu-berlin.de\/aew-news\/wp-json\/wp\/v2\/posts\/649\/revisions\/743"}],"wp:attachment":[{"href":"https:\/\/blogs.fu-berlin.de\/aew-news\/wp-json\/wp\/v2\/media?parent=649"}],"wp:term":[{"taxonomy":"category","embeddable":true,"href":"https:\/\/blogs.fu-berlin.de\/aew-news\/wp-json\/wp\/v2\/categories?post=649"},{"taxonomy":"post_tag","embeddable":true,"href":"https:\/\/blogs.fu-berlin.de\/aew-news\/wp-json\/wp\/v2\/tags?post=649"}],"curies":[{"name":"wp","href":"https:\/\/api.w.org\/{rel}","templated":true}]}}