{"id":672,"date":"2020-11-26T17:00:17","date_gmt":"2020-11-26T15:00:17","guid":{"rendered":"https:\/\/blogs.fu-berlin.de\/aew-news\/?p=672"},"modified":"2020-11-27T12:32:46","modified_gmt":"2020-11-27T10:32:46","slug":"preis-fuer-beste-lehre-vergeben","status":"publish","type":"post","link":"https:\/\/blogs.fu-berlin.de\/aew-news\/2020\/11\/26\/preis-fuer-beste-lehre-vergeben\/","title":{"rendered":"Preis f\u00fcr beste Lehre"},"content":{"rendered":"<p>Am 26.11.2020 wurde am Fachbereich Erziehungswissenschaft und Psychologie erneut der <a href=\"https:\/\/www.ewi-psy.fu-berlin.de\/studium\/preis_beste_lehre\/index.html\">Preis f\u00fcr beste Lehre<\/a> vergeben. In der Gruppe der HochschullehrerInnen (Erziehungswissenschaft) wurde in diesem Jahr der Lehrpreis an Prof. Dr. Inka Bormann verliehen.<\/p>\n<p><em>Herzlichen Dank f\u00fcr diese besondere Auszeichnung, \u00fcber die ich mich sehr freue, und ebenso herzlichen Dank an die Studierenden f\u00fcr ihr gro\u00dfes Engagement!<\/em><\/p>\n","protected":false},"excerpt":{"rendered":"<p>Am 26.11.2020 wurde am Fachbereich Erziehungswissenschaft und Psychologie erneut der Preis f\u00fcr beste Lehre vergeben. In der Gruppe der HochschullehrerInnen (Erziehungswissenschaft) wurde in diesem Jahr der Lehrpreis an Prof. Dr. Inka Bormann verliehen. Herzlichen Dank f\u00fcr diese besondere Auszeichnung, \u00fcber die ich mich sehr freue, und ebenso herzlichen Dank an die Studierenden f\u00fcr ihr gro\u00dfes &hellip; <a href=\"https:\/\/blogs.fu-berlin.de\/aew-news\/2020\/11\/26\/preis-fuer-beste-lehre-vergeben\/\" class=\"more-link\"><span class=\"screen-reader-text\">\u201ePreis f\u00fcr beste Lehre\u201c<\/span> weiterlesen<\/a><\/p>\n","protected":false},"author":2138,"featured_media":0,"comment_status":"closed","ping_status":"open","sticky":false,"template":"","format":"standard","meta":{"footnotes":""},"categories":[12042],"tags":[],"class_list":["post-672","post","type-post","status-publish","format-standard","hentry","category-forschung"],"_links":{"self":[{"href":"https:\/\/blogs.fu-berlin.de\/aew-news\/wp-json\/wp\/v2\/posts\/672","targetHints":{"allow":["GET"]}}],"collection":[{"href":"https:\/\/blogs.fu-berlin.de\/aew-news\/wp-json\/wp\/v2\/posts"}],"about":[{"href":"https:\/\/blogs.fu-berlin.de\/aew-news\/wp-json\/wp\/v2\/types\/post"}],"author":[{"embeddable":true,"href":"https:\/\/blogs.fu-berlin.de\/aew-news\/wp-json\/wp\/v2\/users\/2138"}],"replies":[{"embeddable":true,"href":"https:\/\/blogs.fu-berlin.de\/aew-news\/wp-json\/wp\/v2\/comments?post=672"}],"version-history":[{"count":2,"href":"https:\/\/blogs.fu-berlin.de\/aew-news\/wp-json\/wp\/v2\/posts\/672\/revisions"}],"predecessor-version":[{"id":674,"href":"https:\/\/blogs.fu-berlin.de\/aew-news\/wp-json\/wp\/v2\/posts\/672\/revisions\/674"}],"wp:attachment":[{"href":"https:\/\/blogs.fu-berlin.de\/aew-news\/wp-json\/wp\/v2\/media?parent=672"}],"wp:term":[{"taxonomy":"category","embeddable":true,"href":"https:\/\/blogs.fu-berlin.de\/aew-news\/wp-json\/wp\/v2\/categories?post=672"},{"taxonomy":"post_tag","embeddable":true,"href":"https:\/\/blogs.fu-berlin.de\/aew-news\/wp-json\/wp\/v2\/tags?post=672"}],"curies":[{"name":"wp","href":"https:\/\/api.w.org\/{rel}","templated":true}]}}