{"id":679,"date":"2020-12-12T17:59:58","date_gmt":"2020-12-12T15:59:58","guid":{"rendered":"https:\/\/blogs.fu-berlin.de\/aew-news\/?p=679"},"modified":"2020-12-16T17:24:30","modified_gmt":"2020-12-16T15:24:30","slug":"profil_netzwerkverein-vorstand-gewaehlt","status":"publish","type":"post","link":"https:\/\/blogs.fu-berlin.de\/aew-news\/2020\/12\/12\/profil_netzwerkverein-vorstand-gewaehlt\/","title":{"rendered":"ProFiL-Netzwerkverein: Vorstand gew\u00e4hlt"},"content":{"rendered":"<p>Der <a href=\"https:\/\/profil-netzwerkverein.de\/\">ProFiL-Netzwerkverein<\/a>, der aus dem <a href=\"https:\/\/www.profil-programm.de\/\">ProFiL-Programm der Berliner Universit\u00e4ten<\/a> hervorgegangen ist (Professionalisierung von Frauen in Forschung und Lehre), hat bei seiner Mitgliederversammlung im November 2020 einen neuen ehrenamtlichen Vorstand gew\u00e4hlt. Prof. Dr. Inka Bormann wurde f\u00fcr die Dauer von zwei Jahren zur Vorsitzenden gew\u00e4hlt.<\/p>\n","protected":false},"excerpt":{"rendered":"<p>Der ProFiL-Netzwerkverein, der aus dem ProFiL-Programm der Berliner Universit\u00e4ten hervorgegangen ist (Professionalisierung von Frauen in Forschung und Lehre), hat bei seiner Mitgliederversammlung im November 2020 einen neuen ehrenamtlichen Vorstand gew\u00e4hlt. Prof. Dr. Inka Bormann wurde f\u00fcr die Dauer von zwei Jahren zur Vorsitzenden gew\u00e4hlt.<\/p>\n","protected":false},"author":2138,"featured_media":0,"comment_status":"closed","ping_status":"open","sticky":false,"template":"","format":"standard","meta":{"footnotes":""},"categories":[12042],"tags":[],"class_list":["post-679","post","type-post","status-publish","format-standard","hentry","category-forschung"],"_links":{"self":[{"href":"https:\/\/blogs.fu-berlin.de\/aew-news\/wp-json\/wp\/v2\/posts\/679","targetHints":{"allow":["GET"]}}],"collection":[{"href":"https:\/\/blogs.fu-berlin.de\/aew-news\/wp-json\/wp\/v2\/posts"}],"about":[{"href":"https:\/\/blogs.fu-berlin.de\/aew-news\/wp-json\/wp\/v2\/types\/post"}],"author":[{"embeddable":true,"href":"https:\/\/blogs.fu-berlin.de\/aew-news\/wp-json\/wp\/v2\/users\/2138"}],"replies":[{"embeddable":true,"href":"https:\/\/blogs.fu-berlin.de\/aew-news\/wp-json\/wp\/v2\/comments?post=679"}],"version-history":[{"count":2,"href":"https:\/\/blogs.fu-berlin.de\/aew-news\/wp-json\/wp\/v2\/posts\/679\/revisions"}],"predecessor-version":[{"id":686,"href":"https:\/\/blogs.fu-berlin.de\/aew-news\/wp-json\/wp\/v2\/posts\/679\/revisions\/686"}],"wp:attachment":[{"href":"https:\/\/blogs.fu-berlin.de\/aew-news\/wp-json\/wp\/v2\/media?parent=679"}],"wp:term":[{"taxonomy":"category","embeddable":true,"href":"https:\/\/blogs.fu-berlin.de\/aew-news\/wp-json\/wp\/v2\/categories?post=679"},{"taxonomy":"post_tag","embeddable":true,"href":"https:\/\/blogs.fu-berlin.de\/aew-news\/wp-json\/wp\/v2\/tags?post=679"}],"curies":[{"name":"wp","href":"https:\/\/api.w.org\/{rel}","templated":true}]}}