{"id":821,"date":"2022-05-27T11:43:41","date_gmt":"2022-05-27T09:43:41","guid":{"rendered":"https:\/\/blogs.fu-berlin.de\/aew-news\/?p=821"},"modified":"2022-05-27T11:43:41","modified_gmt":"2022-05-27T09:43:41","slug":"abibameta-auftaktkonferenz-in-frankfurt-am-main","status":"publish","type":"post","link":"https:\/\/blogs.fu-berlin.de\/aew-news\/2022\/05\/27\/abibameta-auftaktkonferenz-in-frankfurt-am-main\/","title":{"rendered":"ABIBA|Meta-Auftaktkonferenz in Frankfurt am Main"},"content":{"rendered":"<div class=\"big-wrapper\">\n<div class=\"wrapper section-inner\">\n<div class=\"content left\">\n<div class=\"posts\">\n<div id=\"post-784\" class=\"post-784 post type-post status-publish format-standard hentry category-allgemein\">\n<div class=\"post-content\">\n<p>Am 9. und 10. Mai 2022 hat am DIPF | Leibniz-Institut f\u00fcr Bildungsforschung und Bildungsinformation in Frankfurt am Main die Auftaktkonferenz von ABIBA|Meta stattgefunden. Neben den Hauptvortr\u00e4gen zur \u201eEntwicklung von Bildungsungleichheiten im Aufwachsen\u201c (Corinna Kleinert, LIfBi Bamberg) und den \u201eBeitr\u00e4gen von Transfer(agenturen) zum Abbau von Bildungsbarrieren\u201c (Markus Lindner, Transferagentur Gro\u00dfst\u00e4dte) sowie der Begr\u00fc\u00dfung durch das Meta-Vorhaben und einem Ausblick auf die anstehenden Aktivit\u00e4ten ging es vor allem darum, dass sich die <a href=\"https:\/\/www.empirische-bildungsforschung-bmbf.de\/de\/Themenfinder-1720.html\/?selectedFundingGuidelinesIds=6\">Forschungsprojekte der F\u00f6rderrichtlinie <\/a>vorstellen und kennenlernen.<\/p>\n<p>ABIBA|Meta (Transfer) wird am 19.09.2022 mit einer Auftaktveranstaltung zu Transfer und Zusammenarbeit starten. Die Bedarfserhebung, die das Meta-Vorhaben im Vorfeld der Auftaktkonferenz durchgef\u00fchrt hatte, zeigte, dass das Interesse an diesen Themen besonders gro\u00df ist.<\/p>\n<\/div>\n<\/div>\n<\/div>\n<\/div>\n<\/div>\n<\/div>\n","protected":false},"excerpt":{"rendered":"<p>Am 9. und 10. Mai 2022 hat am DIPF | Leibniz-Institut f\u00fcr Bildungsforschung und Bildungsinformation in Frankfurt am Main die Auftaktkonferenz von ABIBA|Meta stattgefunden. Neben den Hauptvortr\u00e4gen zur \u201eEntwicklung von Bildungsungleichheiten im Aufwachsen\u201c (Corinna Kleinert, LIfBi Bamberg) und den \u201eBeitr\u00e4gen von Transfer(agenturen) zum Abbau von Bildungsbarrieren\u201c (Markus Lindner, Transferagentur Gro\u00dfst\u00e4dte) sowie der Begr\u00fc\u00dfung durch das &hellip; <a href=\"https:\/\/blogs.fu-berlin.de\/aew-news\/2022\/05\/27\/abibameta-auftaktkonferenz-in-frankfurt-am-main\/\" class=\"more-link\"><span class=\"screen-reader-text\">\u201eABIBA|Meta-Auftaktkonferenz in Frankfurt am Main\u201c<\/span> weiterlesen<\/a><\/p>\n","protected":false},"author":6982,"featured_media":0,"comment_status":"closed","ping_status":"open","sticky":false,"template":"","format":"standard","meta":{"footnotes":""},"categories":[12042],"tags":[],"class_list":["post-821","post","type-post","status-publish","format-standard","hentry","category-forschung"],"_links":{"self":[{"href":"https:\/\/blogs.fu-berlin.de\/aew-news\/wp-json\/wp\/v2\/posts\/821","targetHints":{"allow":["GET"]}}],"collection":[{"href":"https:\/\/blogs.fu-berlin.de\/aew-news\/wp-json\/wp\/v2\/posts"}],"about":[{"href":"https:\/\/blogs.fu-berlin.de\/aew-news\/wp-json\/wp\/v2\/types\/post"}],"author":[{"embeddable":true,"href":"https:\/\/blogs.fu-berlin.de\/aew-news\/wp-json\/wp\/v2\/users\/6982"}],"replies":[{"embeddable":true,"href":"https:\/\/blogs.fu-berlin.de\/aew-news\/wp-json\/wp\/v2\/comments?post=821"}],"version-history":[{"count":1,"href":"https:\/\/blogs.fu-berlin.de\/aew-news\/wp-json\/wp\/v2\/posts\/821\/revisions"}],"predecessor-version":[{"id":822,"href":"https:\/\/blogs.fu-berlin.de\/aew-news\/wp-json\/wp\/v2\/posts\/821\/revisions\/822"}],"wp:attachment":[{"href":"https:\/\/blogs.fu-berlin.de\/aew-news\/wp-json\/wp\/v2\/media?parent=821"}],"wp:term":[{"taxonomy":"category","embeddable":true,"href":"https:\/\/blogs.fu-berlin.de\/aew-news\/wp-json\/wp\/v2\/categories?post=821"},{"taxonomy":"post_tag","embeddable":true,"href":"https:\/\/blogs.fu-berlin.de\/aew-news\/wp-json\/wp\/v2\/tags?post=821"}],"curies":[{"name":"wp","href":"https:\/\/api.w.org\/{rel}","templated":true}]}}