{"id":861,"date":"2022-11-14T16:48:39","date_gmt":"2022-11-14T14:48:39","guid":{"rendered":"https:\/\/blogs.fu-berlin.de\/aew-news\/?p=861"},"modified":"2022-11-14T16:48:39","modified_gmt":"2022-11-14T14:48:39","slug":"der-arbeitsbereich-allgemeine-erziehungswissenschaft-auf-der-tagung-der-kommission-bildungsplanung-bildungsorganisation-und-bildungsrecht-kbbb-der-deutschen-gesellschaft-fuer-erziehungswissenschaft","status":"publish","type":"post","link":"https:\/\/blogs.fu-berlin.de\/aew-news\/2022\/11\/14\/der-arbeitsbereich-allgemeine-erziehungswissenschaft-auf-der-tagung-der-kommission-bildungsplanung-bildungsorganisation-und-bildungsrecht-kbbb-der-deutschen-gesellschaft-fuer-erziehungswissenschaft\/","title":{"rendered":"Der Arbeitsbereich Allgemeine Erziehungswissenschaft auf der Tagung der Kommission Bildungsplanung, Bildungsorganisation und Bildungsrecht (KBBB) der Deutschen Gesellschaft f\u00fcr Erziehungswissenschaft 2022"},"content":{"rendered":"<p>Auf der KBBB-Jahrestagung zum Thema &#8222;Wissensproduktion, Wissensmobilisierung und Wissenstransfer zur Entwicklung von Wissenschaft und Praxis. Chancen und Grenzen&#8220;, die bereits am 28.1o.2022 online stattgefunden hat, waren gleich mehrere Vertreter*innen des Arbeitsbereichs Allgemeine Erziehungswissenschaften aktiv.<\/p>\n<p>Den Anfang machte Dr. Anika Duveneck auf der Podiumsdiskussion zu Beginn der Konferenz. Als Vertreterin der Wissenschaft tauschte sie sich mit Vertreter*innen aus Schulpraxis (Micha Pallesche), Bildungsverwaltung (Martina Krieg) sowie den Besucher*innen der Veranstaltung \u00fcber Erfahrungen in der Zusammenarbeit und Perspektiven auf Wissenstransfer aus.<\/p>\n<p>Anschlie\u00dfend fanden Parallelsessions statt. Im <a href=\"https:\/\/www.conftool.org\/kbbb2022\/index.php?page=browseSessions&amp;form_session=4&amp;presentations=show\">Symposium zur Relevanz von Ko-Konstruktion<\/a> zeigte Karina Schlingensiepen-Trint am Beispiel des Kompass Bildungslandschaften NRW, inwiefern eine zielgruppenorientierte Vermittlung von Wissen aus vier Praxisprojekten die Generierung von Wissen \u00fcber die Zielgruppen erforderte und ohne die Zusammenarbeit mit Praxis nicht denkbar gewesen w\u00e4re. Sebastian Niedlich sprach \u00fcber Programmtheorien als Vehikel einer ko-konstruktiven Partnerschaft zwischen Forschung und Praxis und teilte dabei Erfahrungen aus dem Schulentwicklungsraum Friedrichshain-Kreuzberg.<\/p>\n<p>Das komplette Programm zur KBBB 2022 finden sie <a href=\"https:\/\/www.conftool.org\/kbbb2022\/sessions.php\">hier<\/a>.<\/p>\n","protected":false},"excerpt":{"rendered":"<p>Auf der KBBB-Jahrestagung zum Thema &#8222;Wissensproduktion, Wissensmobilisierung und Wissenstransfer zur Entwicklung von Wissenschaft und Praxis. Chancen und Grenzen&#8220;, die bereits am 28.1o.2022 online stattgefunden hat, waren gleich mehrere Vertreter*innen des Arbeitsbereichs Allgemeine Erziehungswissenschaften aktiv. Den Anfang machte Dr. Anika Duveneck auf der Podiumsdiskussion zu Beginn der Konferenz. Als Vertreterin der Wissenschaft tauschte sie sich mit &hellip; <a href=\"https:\/\/blogs.fu-berlin.de\/aew-news\/2022\/11\/14\/der-arbeitsbereich-allgemeine-erziehungswissenschaft-auf-der-tagung-der-kommission-bildungsplanung-bildungsorganisation-und-bildungsrecht-kbbb-der-deutschen-gesellschaft-fuer-erziehungswissenschaft\/\" class=\"more-link\"><span class=\"screen-reader-text\">\u201eDer Arbeitsbereich Allgemeine Erziehungswissenschaft auf der Tagung der Kommission Bildungsplanung, Bildungsorganisation und Bildungsrecht (KBBB) der Deutschen Gesellschaft f\u00fcr Erziehungswissenschaft 2022\u201c<\/span> weiterlesen<\/a><\/p>\n","protected":false},"author":6982,"featured_media":0,"comment_status":"closed","ping_status":"open","sticky":false,"template":"","format":"standard","meta":{"footnotes":""},"categories":[12042],"tags":[],"class_list":["post-861","post","type-post","status-publish","format-standard","hentry","category-forschung"],"_links":{"self":[{"href":"https:\/\/blogs.fu-berlin.de\/aew-news\/wp-json\/wp\/v2\/posts\/861","targetHints":{"allow":["GET"]}}],"collection":[{"href":"https:\/\/blogs.fu-berlin.de\/aew-news\/wp-json\/wp\/v2\/posts"}],"about":[{"href":"https:\/\/blogs.fu-berlin.de\/aew-news\/wp-json\/wp\/v2\/types\/post"}],"author":[{"embeddable":true,"href":"https:\/\/blogs.fu-berlin.de\/aew-news\/wp-json\/wp\/v2\/users\/6982"}],"replies":[{"embeddable":true,"href":"https:\/\/blogs.fu-berlin.de\/aew-news\/wp-json\/wp\/v2\/comments?post=861"}],"version-history":[{"count":1,"href":"https:\/\/blogs.fu-berlin.de\/aew-news\/wp-json\/wp\/v2\/posts\/861\/revisions"}],"predecessor-version":[{"id":862,"href":"https:\/\/blogs.fu-berlin.de\/aew-news\/wp-json\/wp\/v2\/posts\/861\/revisions\/862"}],"wp:attachment":[{"href":"https:\/\/blogs.fu-berlin.de\/aew-news\/wp-json\/wp\/v2\/media?parent=861"}],"wp:term":[{"taxonomy":"category","embeddable":true,"href":"https:\/\/blogs.fu-berlin.de\/aew-news\/wp-json\/wp\/v2\/categories?post=861"},{"taxonomy":"post_tag","embeddable":true,"href":"https:\/\/blogs.fu-berlin.de\/aew-news\/wp-json\/wp\/v2\/tags?post=861"}],"curies":[{"name":"wp","href":"https:\/\/api.w.org\/{rel}","templated":true}]}}