{"id":879,"date":"2023-01-16T17:13:03","date_gmt":"2023-01-16T15:13:03","guid":{"rendered":"https:\/\/blogs.fu-berlin.de\/aew-news\/?p=879"},"modified":"2023-01-16T17:13:03","modified_gmt":"2023-01-16T15:13:03","slug":"neuer-lesekreis-im-projekt-abibameta-transfer","status":"publish","type":"post","link":"https:\/\/blogs.fu-berlin.de\/aew-news\/2023\/01\/16\/neuer-lesekreis-im-projekt-abibameta-transfer\/","title":{"rendered":"Neuer Lesekreis im Projekt ABIBA|Meta-Transfer"},"content":{"rendered":"<p>Am 2. Dezember 2022 lud das Team von <a href=\"https:\/\/www.ewi-psy.fu-berlin.de\/einrichtungen\/arbeitsbereiche\/allgemeine-erziehungswissenschaft\/forschung\/abiba_meta-_transfer_\/index.html\">ABIBA|Meta-Transfer<\/a> zur Erprobung des Formats eines \u201eTransferlesekreis\u201c ein. Mit dabei waren die Kolleg*innen aus dem Arbeitsbereich Allgemeine Erziehungswissenschaften, die zu\u00a0Transfer arbeiten, sowie weitere Transferexpert*innen aus der Fachcommunity. Gelesen wurde der\u00a0<a href=\"https:\/\/link.springer.com\/article\/10.1007\/s11618-020-00927-z\">\u201eStichwortbeitrag Implementationsforschung\u201c<\/a>\u00a0von Schrader et al., der 2020 in der Zeitschrift f\u00fcr Erziehungswissenschaft erschienen ist.<\/p>\n<p>Wer nicht dabei sein konnte oder sich einen Eindruck von Text und Diskussion machen m\u00f6chte, kann <a href=\"http:\/\/www.neuordnungen.he-hosting.de\/wp-content\/uploads\/2023\/01\/Nachklapp_TransferLK_Schrader.mp3\">hier <\/a>den R\u00fcckblick mith\u00f6ren, den Karina Schlingensiepen-Trint im Gespr\u00e4ch mit Anika Duveneck eingeholt hat.\u00a0Die Aufnahme ist (wie die erste Lesekreissitzung) zun\u00e4chst\u00a0als Testversion gedacht und soll bei Weiterf\u00fchrung des Formats im Rahmen von ABIBA|Meta-Transfer weiter professionalisiert werden.<\/p>\n<p>Die n\u00e4chste Sitzung des Transferlesekreises ist f\u00fcr das Fr\u00fchjahr 2023 geplant. Die Termine werden noch bekannt gegeben.<\/p>\n","protected":false},"excerpt":{"rendered":"<p>Am 2. Dezember 2022 lud das Team von ABIBA|Meta-Transfer zur Erprobung des Formats eines \u201eTransferlesekreis\u201c ein. Mit dabei waren die Kolleg*innen aus dem Arbeitsbereich Allgemeine Erziehungswissenschaften, die zu\u00a0Transfer arbeiten, sowie weitere Transferexpert*innen aus der Fachcommunity. Gelesen wurde der\u00a0\u201eStichwortbeitrag Implementationsforschung\u201c\u00a0von Schrader et al., der 2020 in der Zeitschrift f\u00fcr Erziehungswissenschaft erschienen ist. Wer nicht dabei sein &hellip; <a href=\"https:\/\/blogs.fu-berlin.de\/aew-news\/2023\/01\/16\/neuer-lesekreis-im-projekt-abibameta-transfer\/\" class=\"more-link\"><span class=\"screen-reader-text\">\u201eNeuer Lesekreis im Projekt ABIBA|Meta-Transfer\u201c<\/span> weiterlesen<\/a><\/p>\n","protected":false},"author":6982,"featured_media":0,"comment_status":"closed","ping_status":"open","sticky":false,"template":"","format":"standard","meta":{"footnotes":""},"categories":[12042],"tags":[],"class_list":["post-879","post","type-post","status-publish","format-standard","hentry","category-forschung"],"_links":{"self":[{"href":"https:\/\/blogs.fu-berlin.de\/aew-news\/wp-json\/wp\/v2\/posts\/879","targetHints":{"allow":["GET"]}}],"collection":[{"href":"https:\/\/blogs.fu-berlin.de\/aew-news\/wp-json\/wp\/v2\/posts"}],"about":[{"href":"https:\/\/blogs.fu-berlin.de\/aew-news\/wp-json\/wp\/v2\/types\/post"}],"author":[{"embeddable":true,"href":"https:\/\/blogs.fu-berlin.de\/aew-news\/wp-json\/wp\/v2\/users\/6982"}],"replies":[{"embeddable":true,"href":"https:\/\/blogs.fu-berlin.de\/aew-news\/wp-json\/wp\/v2\/comments?post=879"}],"version-history":[{"count":1,"href":"https:\/\/blogs.fu-berlin.de\/aew-news\/wp-json\/wp\/v2\/posts\/879\/revisions"}],"predecessor-version":[{"id":880,"href":"https:\/\/blogs.fu-berlin.de\/aew-news\/wp-json\/wp\/v2\/posts\/879\/revisions\/880"}],"wp:attachment":[{"href":"https:\/\/blogs.fu-berlin.de\/aew-news\/wp-json\/wp\/v2\/media?parent=879"}],"wp:term":[{"taxonomy":"category","embeddable":true,"href":"https:\/\/blogs.fu-berlin.de\/aew-news\/wp-json\/wp\/v2\/categories?post=879"},{"taxonomy":"post_tag","embeddable":true,"href":"https:\/\/blogs.fu-berlin.de\/aew-news\/wp-json\/wp\/v2\/tags?post=879"}],"curies":[{"name":"wp","href":"https:\/\/api.w.org\/{rel}","templated":true}]}}