{"id":887,"date":"2023-03-28T18:12:28","date_gmt":"2023-03-28T16:12:28","guid":{"rendered":"https:\/\/blogs.fu-berlin.de\/aew-news\/?p=887"},"modified":"2023-03-28T18:12:28","modified_gmt":"2023-03-28T16:12:28","slug":"gemeinsam-staerker-fachforum-auf-der-bildungsforschungstagung-2023","status":"publish","type":"post","link":"https:\/\/blogs.fu-berlin.de\/aew-news\/2023\/03\/28\/gemeinsam-staerker-fachforum-auf-der-bildungsforschungstagung-2023\/","title":{"rendered":"\u201eGemeinsam st\u00e4rker\u201c \u2013 Fachforum auf der Bildungsforschungstagung 2023"},"content":{"rendered":"<p>Am 14. und 15. M\u00e4rz fand im Berliner Congresscentrum (BCC) die <a href=\"https:\/\/www.empirische-bildungsforschung-bmbf.de\/de\/BMBF-Bildungsforschungstagung-1719.html\">Bildungsforschungskonferenz des BMBF <\/a>statt. Im Fokus stand dabei die Zusammenarbeit von Wissenschaft und Praxis. Das Team von ABIBA|Meta-Transfer durfte f\u00fcr das BMBF das Fachforum \u201eGemeinsam st\u00e4rker \u2013 Was braucht die Praxis? Wie kann Wissenschaft unterst\u00fctzen? Und wie gelingen Kommunikation und Zusammenarbeit\u201c gestalten.<\/p>\n<div class=\"wp-block-image\">\n<figure class=\"aligncenter size-large is-resized\"><a href=\"https:\/\/blogs.fu-berlin.de\/aew-news\/files\/2023\/03\/IMG-20230314-WA0024-676x380-1.jpg\"><img loading=\"lazy\" decoding=\"async\" class=\"alignnone size-medium wp-image-889\" src=\"https:\/\/blogs.fu-berlin.de\/aew-news\/files\/2023\/03\/IMG-20230314-WA0024-676x380-1-300x169.jpg\" alt=\"\" width=\"300\" height=\"169\" srcset=\"https:\/\/blogs.fu-berlin.de\/aew-news\/files\/2023\/03\/IMG-20230314-WA0024-676x380-1-300x169.jpg 300w, https:\/\/blogs.fu-berlin.de\/aew-news\/files\/2023\/03\/IMG-20230314-WA0024-676x380-1.jpg 676w\" sizes=\"auto, (max-width: 300px) 85vw, 300px\" \/><\/a><\/figure>\n<\/div>\n<p>Dreh- und Angelpunkt des Fachforums war die <a href=\"https:\/\/www.ljr-nrw.de\/themen\/bildung\/dialogforum-bildungslandschaften\/perspektivwechsel-methode\/\">PerspektivWechsel-Methode<\/a>, die in Zusammenarbeit von Wissenschaft entwickelt wurde, um die Voraussetzungen f\u00fcr Zusammenarbeit jenseits von Zust\u00e4ndigkeiten gezielt zu verbessern. Bei der BiFo wurde ein Szenario zur Zusammenarbeit von Wissenschaft und Praxis bearbeitet und als \u201eSilent PerspektivWechsel\u201c erprobt. Nachdem die Teilnehmenden sich in verschiedene professionelle Perspektiven eingedacht hatten und eine wissenschaftliche Einordnung der Methode erfolgte, begr\u00fc\u00dften Anika Duveneck und Karina Schlingensiepen-Trint zun\u00e4chst Lisa Fischer und Cornelius Sutter aus dem Projekt <a href=\"https:\/\/www.abiba-meta.de\/de\/projekte\/wikk-i\">WIKK*I<\/a>, die einen Einblick in ihre reale Kooperationspraxis gew\u00e4hrten. Nach einer Pause wurde Dr. Veronika Manitius, Transferexpertin vom QUA-LiS NRW zugeschaltet, danach berichtete die BNE- und Transformationsforscherin Dr. Mandy Singer-Brodowski von ihrer Arbeit auf der Schnittstelle von Wissenschaft und Praxis. Am Ende wurde der Austausch f\u00fcr Podium und Publikum ge\u00f6ffnet.<\/p>\n<div class=\"wp-block-image\">\n<figure class=\"aligncenter size-large is-resized\"><a href=\"https:\/\/blogs.fu-berlin.de\/aew-news\/files\/2023\/03\/IMG-20230314-WA0049-1-edited-676x507-1.jpg\"><img loading=\"lazy\" decoding=\"async\" class=\"alignnone size-medium wp-image-888\" src=\"https:\/\/blogs.fu-berlin.de\/aew-news\/files\/2023\/03\/IMG-20230314-WA0049-1-edited-676x507-1-300x225.jpg\" alt=\"\" width=\"300\" height=\"225\" srcset=\"https:\/\/blogs.fu-berlin.de\/aew-news\/files\/2023\/03\/IMG-20230314-WA0049-1-edited-676x507-1-300x225.jpg 300w, https:\/\/blogs.fu-berlin.de\/aew-news\/files\/2023\/03\/IMG-20230314-WA0049-1-edited-676x507-1.jpg 676w\" sizes=\"auto, (max-width: 300px) 85vw, 300px\" \/><\/a><\/figure>\n<\/div>\n<p>Am Ende erhielten die Teilnehmenden PerspektivWechsel-Leitf\u00e4den, um die Voraussetzungen f\u00fcr gelingende Zusammenarbeit in ihren eigenen Kontexten gezielt f\u00f6rdern zu k\u00f6nnen.<\/p>\n","protected":false},"excerpt":{"rendered":"<p>Am 14. und 15. M\u00e4rz fand im Berliner Congresscentrum (BCC) die Bildungsforschungskonferenz des BMBF statt. Im Fokus stand dabei die Zusammenarbeit von Wissenschaft und Praxis. Das Team von ABIBA|Meta-Transfer durfte f\u00fcr das BMBF das Fachforum \u201eGemeinsam st\u00e4rker \u2013 Was braucht die Praxis? Wie kann Wissenschaft unterst\u00fctzen? Und wie gelingen Kommunikation und Zusammenarbeit\u201c gestalten. Dreh- und &hellip; <a href=\"https:\/\/blogs.fu-berlin.de\/aew-news\/2023\/03\/28\/gemeinsam-staerker-fachforum-auf-der-bildungsforschungstagung-2023\/\" class=\"more-link\"><span class=\"screen-reader-text\">\u201e\u201eGemeinsam st\u00e4rker\u201c \u2013 Fachforum auf der Bildungsforschungstagung 2023\u201c<\/span> weiterlesen<\/a><\/p>\n","protected":false},"author":6982,"featured_media":0,"comment_status":"closed","ping_status":"open","sticky":false,"template":"","format":"standard","meta":{"footnotes":""},"categories":[12042],"tags":[],"class_list":["post-887","post","type-post","status-publish","format-standard","hentry","category-forschung"],"_links":{"self":[{"href":"https:\/\/blogs.fu-berlin.de\/aew-news\/wp-json\/wp\/v2\/posts\/887","targetHints":{"allow":["GET"]}}],"collection":[{"href":"https:\/\/blogs.fu-berlin.de\/aew-news\/wp-json\/wp\/v2\/posts"}],"about":[{"href":"https:\/\/blogs.fu-berlin.de\/aew-news\/wp-json\/wp\/v2\/types\/post"}],"author":[{"embeddable":true,"href":"https:\/\/blogs.fu-berlin.de\/aew-news\/wp-json\/wp\/v2\/users\/6982"}],"replies":[{"embeddable":true,"href":"https:\/\/blogs.fu-berlin.de\/aew-news\/wp-json\/wp\/v2\/comments?post=887"}],"version-history":[{"count":1,"href":"https:\/\/blogs.fu-berlin.de\/aew-news\/wp-json\/wp\/v2\/posts\/887\/revisions"}],"predecessor-version":[{"id":890,"href":"https:\/\/blogs.fu-berlin.de\/aew-news\/wp-json\/wp\/v2\/posts\/887\/revisions\/890"}],"wp:attachment":[{"href":"https:\/\/blogs.fu-berlin.de\/aew-news\/wp-json\/wp\/v2\/media?parent=887"}],"wp:term":[{"taxonomy":"category","embeddable":true,"href":"https:\/\/blogs.fu-berlin.de\/aew-news\/wp-json\/wp\/v2\/categories?post=887"},{"taxonomy":"post_tag","embeddable":true,"href":"https:\/\/blogs.fu-berlin.de\/aew-news\/wp-json\/wp\/v2\/tags?post=887"}],"curies":[{"name":"wp","href":"https:\/\/api.w.org\/{rel}","templated":true}]}}