{"id":891,"date":"2023-03-28T18:15:44","date_gmt":"2023-03-28T16:15:44","guid":{"rendered":"https:\/\/blogs.fu-berlin.de\/aew-news\/?p=891"},"modified":"2023-03-28T18:15:44","modified_gmt":"2023-03-28T16:15:44","slug":"dr-anika-duveneck-auf-dem-bildungsforschungstagungs-abschlusspanel","status":"publish","type":"post","link":"https:\/\/blogs.fu-berlin.de\/aew-news\/2023\/03\/28\/dr-anika-duveneck-auf-dem-bildungsforschungstagungs-abschlusspanel\/","title":{"rendered":"Dr. Anika Duveneck auf dem Bildungsforschungstagungs-Abschlusspanel"},"content":{"rendered":"<p>Nachdem das Projekt ABIBA|Meta mit einem Fachforum zur Zusammenarbeit von Wissenschaft und Praxis auf der <a href=\"https:\/\/www.empirische-bildungsforschung-bmbf.de\/de\/BMBF-Bildungsforschungstagung-1719.html\">BMBF-Bildungsforschungstagung 2023<\/a> vertreten war und beim Rundgang auf dem Marktplatz vorgestellt wurde, war Anika Duveneck Teil der abschlie\u00dfenden Panel-Diskussion zum Thema \u201eGemeinsam f\u00fcr bessere Bildung \u2013 Wissenschaft und Praxis im Austausch\u201c. Neben ihr waren Dr. Martina Diedrich (Institut f\u00fcr Bildungsmonitoring \u2013 IfBQ), Prof. Dr. Birgit Eickelmann (Schulp\u00e4dagogik Universit\u00e4t Paderborn), Jan-Martin Klinge (Gesamtschulrektor) und Aimo G\u00f6rne (Vorsitzender Landessch\u00fclerausschuss Berlin) in der Runde vertreten. Moderiert wurde der Austausch von Armin Himmelrath.<\/p>\n<p>Das Thema Transfer stand im Fokus der gesamten Veranstaltung: Neben dem Abschlusspanel war es Gegenstand verschiedener Fachforen wie auch der Keynote der emeritierten Professorin Christiane Spiel von der Universit\u00e4t Wien.<\/p>\n","protected":false},"excerpt":{"rendered":"<p>Nachdem das Projekt ABIBA|Meta mit einem Fachforum zur Zusammenarbeit von Wissenschaft und Praxis auf der BMBF-Bildungsforschungstagung 2023 vertreten war und beim Rundgang auf dem Marktplatz vorgestellt wurde, war Anika Duveneck Teil der abschlie\u00dfenden Panel-Diskussion zum Thema \u201eGemeinsam f\u00fcr bessere Bildung \u2013 Wissenschaft und Praxis im Austausch\u201c. Neben ihr waren Dr. Martina Diedrich (Institut f\u00fcr Bildungsmonitoring &hellip; <a href=\"https:\/\/blogs.fu-berlin.de\/aew-news\/2023\/03\/28\/dr-anika-duveneck-auf-dem-bildungsforschungstagungs-abschlusspanel\/\" class=\"more-link\"><span class=\"screen-reader-text\">\u201eDr. Anika Duveneck auf dem Bildungsforschungstagungs-Abschlusspanel\u201c<\/span> weiterlesen<\/a><\/p>\n","protected":false},"author":6982,"featured_media":0,"comment_status":"closed","ping_status":"open","sticky":false,"template":"","format":"standard","meta":{"footnotes":""},"categories":[12042],"tags":[],"class_list":["post-891","post","type-post","status-publish","format-standard","hentry","category-forschung"],"_links":{"self":[{"href":"https:\/\/blogs.fu-berlin.de\/aew-news\/wp-json\/wp\/v2\/posts\/891","targetHints":{"allow":["GET"]}}],"collection":[{"href":"https:\/\/blogs.fu-berlin.de\/aew-news\/wp-json\/wp\/v2\/posts"}],"about":[{"href":"https:\/\/blogs.fu-berlin.de\/aew-news\/wp-json\/wp\/v2\/types\/post"}],"author":[{"embeddable":true,"href":"https:\/\/blogs.fu-berlin.de\/aew-news\/wp-json\/wp\/v2\/users\/6982"}],"replies":[{"embeddable":true,"href":"https:\/\/blogs.fu-berlin.de\/aew-news\/wp-json\/wp\/v2\/comments?post=891"}],"version-history":[{"count":1,"href":"https:\/\/blogs.fu-berlin.de\/aew-news\/wp-json\/wp\/v2\/posts\/891\/revisions"}],"predecessor-version":[{"id":892,"href":"https:\/\/blogs.fu-berlin.de\/aew-news\/wp-json\/wp\/v2\/posts\/891\/revisions\/892"}],"wp:attachment":[{"href":"https:\/\/blogs.fu-berlin.de\/aew-news\/wp-json\/wp\/v2\/media?parent=891"}],"wp:term":[{"taxonomy":"category","embeddable":true,"href":"https:\/\/blogs.fu-berlin.de\/aew-news\/wp-json\/wp\/v2\/categories?post=891"},{"taxonomy":"post_tag","embeddable":true,"href":"https:\/\/blogs.fu-berlin.de\/aew-news\/wp-json\/wp\/v2\/tags?post=891"}],"curies":[{"name":"wp","href":"https:\/\/api.w.org\/{rel}","templated":true}]}}