{"id":900,"date":"2023-04-03T18:44:02","date_gmt":"2023-04-03T16:44:02","guid":{"rendered":"https:\/\/blogs.fu-berlin.de\/aew-news\/?p=900"},"modified":"2023-06-20T18:31:25","modified_gmt":"2023-06-20T16:31:25","slug":"vortrag-am-institut-fuer-erziehungswissenschaft-der-universitaet-jena","status":"publish","type":"post","link":"https:\/\/blogs.fu-berlin.de\/aew-news\/2023\/04\/03\/vortrag-am-institut-fuer-erziehungswissenschaft-der-universitaet-jena\/","title":{"rendered":"Vortrag am Institut f\u00fcr Erziehungswissenschaft der Friedrich Schiller Universit\u00e4t Jena"},"content":{"rendered":"<p>Auf Einladung des Instituts f\u00fcr Erziehungswissenschaft hat Inka Bormann am 19. April 2023 einen Vortrag mit dem Titel &#8222;<a href=\"https:\/\/www.erziehungswissenschaft.uni-jena.de\/aktuelle-veranstaltungen\/230419-institutskolloquium\">Vertrauen als Beziehungsmerkmal in p\u00e4dagogischen Kontexten \u2013 theoretische und empirische Perspektiven auf seine Bedeutung und Herstellung<\/a>&#8220; an der Friedrich Schiller Universit\u00e4t Jena gehalten.<\/p>\n","protected":false},"excerpt":{"rendered":"<p>Auf Einladung des Instituts f\u00fcr Erziehungswissenschaft hat Inka Bormann am 19. April 2023 einen Vortrag mit dem Titel &#8222;Vertrauen als Beziehungsmerkmal in p\u00e4dagogischen Kontexten \u2013 theoretische und empirische Perspektiven auf seine Bedeutung und Herstellung&#8220; an der Friedrich Schiller Universit\u00e4t Jena gehalten.<\/p>\n","protected":false},"author":2138,"featured_media":0,"comment_status":"closed","ping_status":"open","sticky":false,"template":"","format":"standard","meta":{"footnotes":""},"categories":[12042],"tags":[],"class_list":["post-900","post","type-post","status-publish","format-standard","hentry","category-forschung"],"_links":{"self":[{"href":"https:\/\/blogs.fu-berlin.de\/aew-news\/wp-json\/wp\/v2\/posts\/900","targetHints":{"allow":["GET"]}}],"collection":[{"href":"https:\/\/blogs.fu-berlin.de\/aew-news\/wp-json\/wp\/v2\/posts"}],"about":[{"href":"https:\/\/blogs.fu-berlin.de\/aew-news\/wp-json\/wp\/v2\/types\/post"}],"author":[{"embeddable":true,"href":"https:\/\/blogs.fu-berlin.de\/aew-news\/wp-json\/wp\/v2\/users\/2138"}],"replies":[{"embeddable":true,"href":"https:\/\/blogs.fu-berlin.de\/aew-news\/wp-json\/wp\/v2\/comments?post=900"}],"version-history":[{"count":4,"href":"https:\/\/blogs.fu-berlin.de\/aew-news\/wp-json\/wp\/v2\/posts\/900\/revisions"}],"predecessor-version":[{"id":941,"href":"https:\/\/blogs.fu-berlin.de\/aew-news\/wp-json\/wp\/v2\/posts\/900\/revisions\/941"}],"wp:attachment":[{"href":"https:\/\/blogs.fu-berlin.de\/aew-news\/wp-json\/wp\/v2\/media?parent=900"}],"wp:term":[{"taxonomy":"category","embeddable":true,"href":"https:\/\/blogs.fu-berlin.de\/aew-news\/wp-json\/wp\/v2\/categories?post=900"},{"taxonomy":"post_tag","embeddable":true,"href":"https:\/\/blogs.fu-berlin.de\/aew-news\/wp-json\/wp\/v2\/tags?post=900"}],"curies":[{"name":"wp","href":"https:\/\/api.w.org\/{rel}","templated":true}]}}