{"id":936,"date":"2023-06-16T09:19:13","date_gmt":"2023-06-16T07:19:13","guid":{"rendered":"https:\/\/blogs.fu-berlin.de\/aew-news\/?p=936"},"modified":"2023-06-16T09:19:13","modified_gmt":"2023-06-16T07:19:13","slug":"diskurs-und-vertrauen","status":"publish","type":"post","link":"https:\/\/blogs.fu-berlin.de\/aew-news\/2023\/06\/16\/diskurs-und-vertrauen\/","title":{"rendered":"Diskurs und Vertrauen"},"content":{"rendered":"<p>Im <a href=\"https:\/\/www.beltz.de\/fachmedien\/soziologie\/zeitschriften\/zeitschrift_fuer_diskursforschung.html\">Jubil\u00e4umsheft der Zeitschrift f\u00fcr Diskursforschung<\/a> ist ein Beitrag von Pavla Sch\u00e4fer und Inka Bormann erschienen. In ihrem Aufsatz geht es um M\u00f6glichkeiten der Analyse von Diskursen in Hinblick auf Vertrauen.<\/p>\n","protected":false},"excerpt":{"rendered":"<p>Im Jubil\u00e4umsheft der Zeitschrift f\u00fcr Diskursforschung ist ein Beitrag von Pavla Sch\u00e4fer und Inka Bormann erschienen. In ihrem Aufsatz geht es um M\u00f6glichkeiten der Analyse von Diskursen in Hinblick auf Vertrauen.<\/p>\n","protected":false},"author":2138,"featured_media":0,"comment_status":"closed","ping_status":"open","sticky":false,"template":"","format":"standard","meta":{"footnotes":""},"categories":[12042],"tags":[],"class_list":["post-936","post","type-post","status-publish","format-standard","hentry","category-forschung"],"_links":{"self":[{"href":"https:\/\/blogs.fu-berlin.de\/aew-news\/wp-json\/wp\/v2\/posts\/936","targetHints":{"allow":["GET"]}}],"collection":[{"href":"https:\/\/blogs.fu-berlin.de\/aew-news\/wp-json\/wp\/v2\/posts"}],"about":[{"href":"https:\/\/blogs.fu-berlin.de\/aew-news\/wp-json\/wp\/v2\/types\/post"}],"author":[{"embeddable":true,"href":"https:\/\/blogs.fu-berlin.de\/aew-news\/wp-json\/wp\/v2\/users\/2138"}],"replies":[{"embeddable":true,"href":"https:\/\/blogs.fu-berlin.de\/aew-news\/wp-json\/wp\/v2\/comments?post=936"}],"version-history":[{"count":1,"href":"https:\/\/blogs.fu-berlin.de\/aew-news\/wp-json\/wp\/v2\/posts\/936\/revisions"}],"predecessor-version":[{"id":937,"href":"https:\/\/blogs.fu-berlin.de\/aew-news\/wp-json\/wp\/v2\/posts\/936\/revisions\/937"}],"wp:attachment":[{"href":"https:\/\/blogs.fu-berlin.de\/aew-news\/wp-json\/wp\/v2\/media?parent=936"}],"wp:term":[{"taxonomy":"category","embeddable":true,"href":"https:\/\/blogs.fu-berlin.de\/aew-news\/wp-json\/wp\/v2\/categories?post=936"},{"taxonomy":"post_tag","embeddable":true,"href":"https:\/\/blogs.fu-berlin.de\/aew-news\/wp-json\/wp\/v2\/tags?post=936"}],"curies":[{"name":"wp","href":"https:\/\/api.w.org\/{rel}","templated":true}]}}