{"id":946,"date":"2023-06-21T10:12:00","date_gmt":"2023-06-21T08:12:00","guid":{"rendered":"https:\/\/blogs.fu-berlin.de\/aew-news\/?p=946"},"modified":"2023-06-21T10:33:13","modified_gmt":"2023-06-21T08:33:13","slug":"vinicius-silva-de-souza-zweiter-sieger-bei-themenwoche-zur-lehre-2023-des-dcat","status":"publish","type":"post","link":"https:\/\/blogs.fu-berlin.de\/aew-news\/2023\/06\/21\/vinicius-silva-de-souza-zweiter-sieger-bei-themenwoche-zur-lehre-2023-des-dcat\/","title":{"rendered":"Vin\u00edcius Silva de Souza zweiter Sieger bei Themenwoche zur Lehre 2023 des DCAT"},"content":{"rendered":"<p>Wir gratulieren unserem Gastwissenschaftler <span id=\"page3R_mcid5\" class=\"markedContent\"><span dir=\"ltr\" role=\"presentation\"> Vin\u00edciu<\/span><\/span>s Silva de Souza vom Fachbereich Erziehungswissenschaft der <span id=\"page3R_mcid6\" class=\"markedContent\"><span dir=\"ltr\" role=\"presentation\">Universit\u00e4t Bras\u00edlia herzlich zum zweiten Platz im Wettbewerb der <a href=\"https:\/\/www.fu-berlin.de\/sites\/dcat\/Themenwoche-zur-Lehre\/Themenwoche-2023\/Markt-der-Moeglichkeiten\/index.html\">Themenwoche zur Lehre 2023<\/a><\/span><\/span> des Dahlem Centers for Academic Teaching (DCAT).<\/p>\n<p>Sein Beitrag mit dem Thema &#8222;<span id=\"page3R_mcid9\" class=\"markedContent\"><span dir=\"ltr\" role=\"presentation\"><a href=\"https:\/\/www.fu-berlin.de\/sites\/dcat\/Themenwoche-zur-Lehre\/Themenwoche-2023\/Poster_Transfermarkt_2023\/Inhaltselemente_Tranfermarkt_Poster\/PDF-Poster-01.pdf\">Gemeinsames Lernen und Lehren mit Zines\/Zeitschriften<\/a>&#8220; \u00fcberzeugte die Jury mit einem innovativen Lehrkonzept.<\/span><\/span><\/p>\n","protected":false},"excerpt":{"rendered":"<p>Wir gratulieren unserem Gastwissenschaftler Vin\u00edcius Silva de Souza vom Fachbereich Erziehungswissenschaft der Universit\u00e4t Bras\u00edlia herzlich zum zweiten Platz im Wettbewerb der Themenwoche zur Lehre 2023 des Dahlem Centers for Academic Teaching (DCAT). Sein Beitrag mit dem Thema &#8222;Gemeinsames Lernen und Lehren mit Zines\/Zeitschriften&#8220; \u00fcberzeugte die Jury mit einem innovativen Lehrkonzept.<\/p>\n","protected":false},"author":6982,"featured_media":951,"comment_status":"closed","ping_status":"open","sticky":false,"template":"","format":"standard","meta":{"footnotes":""},"categories":[9,367],"tags":[],"class_list":["post-946","post","type-post","status-publish","format-standard","has-post-thumbnail","hentry","category-allgemein","category-lehre"],"_links":{"self":[{"href":"https:\/\/blogs.fu-berlin.de\/aew-news\/wp-json\/wp\/v2\/posts\/946","targetHints":{"allow":["GET"]}}],"collection":[{"href":"https:\/\/blogs.fu-berlin.de\/aew-news\/wp-json\/wp\/v2\/posts"}],"about":[{"href":"https:\/\/blogs.fu-berlin.de\/aew-news\/wp-json\/wp\/v2\/types\/post"}],"author":[{"embeddable":true,"href":"https:\/\/blogs.fu-berlin.de\/aew-news\/wp-json\/wp\/v2\/users\/6982"}],"replies":[{"embeddable":true,"href":"https:\/\/blogs.fu-berlin.de\/aew-news\/wp-json\/wp\/v2\/comments?post=946"}],"version-history":[{"count":5,"href":"https:\/\/blogs.fu-berlin.de\/aew-news\/wp-json\/wp\/v2\/posts\/946\/revisions"}],"predecessor-version":[{"id":953,"href":"https:\/\/blogs.fu-berlin.de\/aew-news\/wp-json\/wp\/v2\/posts\/946\/revisions\/953"}],"wp:featuredmedia":[{"embeddable":true,"href":"https:\/\/blogs.fu-berlin.de\/aew-news\/wp-json\/wp\/v2\/media\/951"}],"wp:attachment":[{"href":"https:\/\/blogs.fu-berlin.de\/aew-news\/wp-json\/wp\/v2\/media?parent=946"}],"wp:term":[{"taxonomy":"category","embeddable":true,"href":"https:\/\/blogs.fu-berlin.de\/aew-news\/wp-json\/wp\/v2\/categories?post=946"},{"taxonomy":"post_tag","embeddable":true,"href":"https:\/\/blogs.fu-berlin.de\/aew-news\/wp-json\/wp\/v2\/tags?post=946"}],"curies":[{"name":"wp","href":"https:\/\/api.w.org\/{rel}","templated":true}]}}