{"id":962,"date":"2023-07-10T10:41:24","date_gmt":"2023-07-10T08:41:24","guid":{"rendered":"https:\/\/blogs.fu-berlin.de\/aew-news\/?p=962"},"modified":"2023-07-10T10:41:24","modified_gmt":"2023-07-10T08:41:24","slug":"neuer-podcast-der-transferlesekreis-zum-nachhoeren","status":"publish","type":"post","link":"https:\/\/blogs.fu-berlin.de\/aew-news\/2023\/07\/10\/neuer-podcast-der-transferlesekreis-zum-nachhoeren\/","title":{"rendered":"Neuer Podcast: Der &#8222;Transferlesekreis zum Nachh\u00f6ren&#8220;"},"content":{"rendered":"<p>Am Arbeitsbereich Allgemeine Erziehungswissenschaft gibt es einen neuen Podcast: den \u201eTransferlesekreis zum Nachh\u00f6ren\u201c. Der\u00a0Transferlesekreis ist ein Angebot von\u00a0ABIBA|Meta-Transfer.\u00a0Anika Duveneck und Karina Schlingensiepen-Trint laden ihre Kolleg*innen aus den Forschungsprojekten zum Abbau von Bildungsbarrieren\u00a0dazu ein, mit den Transferexpert*innen des Arbeitsbereichs und aus\u00a0der wissenschaftlichen Community gemeinsam\u00a0Texte zur Transferforschung zu lesen und kritisch zu diskutieren.<\/p>\n<p>In der ersten Folge spricht Anika Duveneck mit Nora Wazinski \u00fcber die Sitzung zum Text \u201eTransfer in der Schulentwicklung\u201c (Holtappels 2019), den Sebastian Niedlich vorgeschlagen und vorgestellt hat. Es geht darum, was diskutiert wurde, f\u00fcr wen sich die Lekt\u00fcre ganz besonders lohnt und warum sie nicht nur f\u00fcr die Schulentwicklung wertvolle Ansatzpunkte bietet. Der Podcast ist auf der Homepage von ABIBA|Meta-Transfer zu finden: <a href=\"https:\/\/www.abiba-meta.de\/de\/ergebnisse-transfer\/transfer\">https:\/\/www.abiba-meta.de\/de\/ergebnisse-transfer\/transfer<\/a><\/p>\n","protected":false},"excerpt":{"rendered":"<p>Am Arbeitsbereich Allgemeine Erziehungswissenschaft gibt es einen neuen Podcast: den \u201eTransferlesekreis zum Nachh\u00f6ren\u201c. Der\u00a0Transferlesekreis ist ein Angebot von\u00a0ABIBA|Meta-Transfer.\u00a0Anika Duveneck und Karina Schlingensiepen-Trint laden ihre Kolleg*innen aus den Forschungsprojekten zum Abbau von Bildungsbarrieren\u00a0dazu ein, mit den Transferexpert*innen des Arbeitsbereichs und aus\u00a0der wissenschaftlichen Community gemeinsam\u00a0Texte zur Transferforschung zu lesen und kritisch zu diskutieren. In der ersten Folge &hellip; <a href=\"https:\/\/blogs.fu-berlin.de\/aew-news\/2023\/07\/10\/neuer-podcast-der-transferlesekreis-zum-nachhoeren\/\" class=\"more-link\"><span class=\"screen-reader-text\">\u201eNeuer Podcast: Der &#8222;Transferlesekreis zum Nachh\u00f6ren&#8220;\u201c<\/span> weiterlesen<\/a><\/p>\n","protected":false},"author":6982,"featured_media":0,"comment_status":"closed","ping_status":"open","sticky":false,"template":"","format":"standard","meta":{"footnotes":""},"categories":[12042],"tags":[],"class_list":["post-962","post","type-post","status-publish","format-standard","hentry","category-forschung"],"_links":{"self":[{"href":"https:\/\/blogs.fu-berlin.de\/aew-news\/wp-json\/wp\/v2\/posts\/962","targetHints":{"allow":["GET"]}}],"collection":[{"href":"https:\/\/blogs.fu-berlin.de\/aew-news\/wp-json\/wp\/v2\/posts"}],"about":[{"href":"https:\/\/blogs.fu-berlin.de\/aew-news\/wp-json\/wp\/v2\/types\/post"}],"author":[{"embeddable":true,"href":"https:\/\/blogs.fu-berlin.de\/aew-news\/wp-json\/wp\/v2\/users\/6982"}],"replies":[{"embeddable":true,"href":"https:\/\/blogs.fu-berlin.de\/aew-news\/wp-json\/wp\/v2\/comments?post=962"}],"version-history":[{"count":1,"href":"https:\/\/blogs.fu-berlin.de\/aew-news\/wp-json\/wp\/v2\/posts\/962\/revisions"}],"predecessor-version":[{"id":963,"href":"https:\/\/blogs.fu-berlin.de\/aew-news\/wp-json\/wp\/v2\/posts\/962\/revisions\/963"}],"wp:attachment":[{"href":"https:\/\/blogs.fu-berlin.de\/aew-news\/wp-json\/wp\/v2\/media?parent=962"}],"wp:term":[{"taxonomy":"category","embeddable":true,"href":"https:\/\/blogs.fu-berlin.de\/aew-news\/wp-json\/wp\/v2\/categories?post=962"},{"taxonomy":"post_tag","embeddable":true,"href":"https:\/\/blogs.fu-berlin.de\/aew-news\/wp-json\/wp\/v2\/tags?post=962"}],"curies":[{"name":"wp","href":"https:\/\/api.w.org\/{rel}","templated":true}]}}