{"id":991,"date":"2023-11-03T09:49:13","date_gmt":"2023-11-03T07:49:13","guid":{"rendered":"https:\/\/blogs.fu-berlin.de\/aew-news\/?p=991"},"modified":"2023-11-03T09:49:28","modified_gmt":"2023-11-03T07:49:28","slug":"vortrag-bei-der-bundestagung-ethik-als-wissenschaft-des-fachverbands-ethik","status":"publish","type":"post","link":"https:\/\/blogs.fu-berlin.de\/aew-news\/2023\/11\/03\/vortrag-bei-der-bundestagung-ethik-als-wissenschaft-des-fachverbands-ethik\/","title":{"rendered":"Vortrag bei der Bundestagung &#8222;Ethik als Wissenschaft&#8220;"},"content":{"rendered":"<p>Im Rahmen der <a href=\"https:\/\/www.berliner-forum-religionen.de\/wp-content\/uploads\/2023\/10\/10-11.11.2023-Bundestagung-des-FV-Ethik-in-Berlin.pdf\">Bundestagung &#8222;Ethik als Wissenschaft. Ethisches Handeln unter der Lupe&#8220;<\/a>, die der Fachverband Ethik am 10. und 11. November 2023 in Berlin durchf\u00fchren wird, wird Prof. Dr. Inka Bormann einen Vortrag mit dem Titel &#8222;Vertrauen in p\u00e4dagogischen Beziehungen. Perspektiven auf eine allt\u00e4gliche Herausforderung&#8220; halten.<\/p>\n","protected":false},"excerpt":{"rendered":"<p>Im Rahmen der Bundestagung &#8222;Ethik als Wissenschaft. Ethisches Handeln unter der Lupe&#8220;, die der Fachverband Ethik am 10. und 11. November 2023 in Berlin durchf\u00fchren wird, wird Prof. Dr. Inka Bormann einen Vortrag mit dem Titel &#8222;Vertrauen in p\u00e4dagogischen Beziehungen. Perspektiven auf eine allt\u00e4gliche Herausforderung&#8220; halten.<\/p>\n","protected":false},"author":2138,"featured_media":0,"comment_status":"closed","ping_status":"open","sticky":false,"template":"","format":"standard","meta":{"footnotes":""},"categories":[12042],"tags":[],"class_list":["post-991","post","type-post","status-publish","format-standard","hentry","category-forschung"],"_links":{"self":[{"href":"https:\/\/blogs.fu-berlin.de\/aew-news\/wp-json\/wp\/v2\/posts\/991","targetHints":{"allow":["GET"]}}],"collection":[{"href":"https:\/\/blogs.fu-berlin.de\/aew-news\/wp-json\/wp\/v2\/posts"}],"about":[{"href":"https:\/\/blogs.fu-berlin.de\/aew-news\/wp-json\/wp\/v2\/types\/post"}],"author":[{"embeddable":true,"href":"https:\/\/blogs.fu-berlin.de\/aew-news\/wp-json\/wp\/v2\/users\/2138"}],"replies":[{"embeddable":true,"href":"https:\/\/blogs.fu-berlin.de\/aew-news\/wp-json\/wp\/v2\/comments?post=991"}],"version-history":[{"count":2,"href":"https:\/\/blogs.fu-berlin.de\/aew-news\/wp-json\/wp\/v2\/posts\/991\/revisions"}],"predecessor-version":[{"id":993,"href":"https:\/\/blogs.fu-berlin.de\/aew-news\/wp-json\/wp\/v2\/posts\/991\/revisions\/993"}],"wp:attachment":[{"href":"https:\/\/blogs.fu-berlin.de\/aew-news\/wp-json\/wp\/v2\/media?parent=991"}],"wp:term":[{"taxonomy":"category","embeddable":true,"href":"https:\/\/blogs.fu-berlin.de\/aew-news\/wp-json\/wp\/v2\/categories?post=991"},{"taxonomy":"post_tag","embeddable":true,"href":"https:\/\/blogs.fu-berlin.de\/aew-news\/wp-json\/wp\/v2\/tags?post=991"}],"curies":[{"name":"wp","href":"https:\/\/api.w.org\/{rel}","templated":true}]}}