{"id":635,"date":"2022-05-10T14:07:18","date_gmt":"2022-05-10T12:07:18","guid":{"rendered":"https:\/\/blogs.fu-berlin.de\/auslandspraktikum\/?p=635"},"modified":"2024-02-22T11:45:30","modified_gmt":"2024-02-22T10:45:30","slug":"praktikum-bei-einer-pr-und-marketingagentur-in-spanien","status":"publish","type":"post","link":"https:\/\/blogs.fu-berlin.de\/auslandspraktikum\/2022\/05\/10\/praktikum-bei-einer-pr-und-marketingagentur-in-spanien\/","title":{"rendered":"Praktikum bei einer PR- und Marketingagentur in Spanien"},"content":{"rendered":"<p>Die Kommunikationsagentur \/ Werbeagentur bietet Praktikant*innen die M\u00f6glichkeit, verschiedene Abteilungen zu durchlaufen und dabei eine Vielzahl an Aufgabenbereichen und Abl\u00e4ufen kennenzulernen. Im Zeitraum vom 31.01.2022 bis zum 31.03.2022 habe ich im Anschluss an mein Erasmus Semester in Spanien, Valencia ein von Erasmus finanziell unterst\u00fctztes Auslandspraktikum erfolgreich abgeschlossen.<\/p>\n<p><!--more--><\/p>\n<p>Da f\u00fcr den Abschluss meines Bachelors in Publizistik- und Kommunikationswissenschaft ein Praktikum notwendig ist, Spanisch mein Nebenfach ist und ich zu dem Zeitpunkt durch das Erasmus Auslandssemester sowieso in Spanien war, hat sich angeboten das Pflichtpraktikum im Rahmen eines Erasmus Auslandspraktikum auch in Valencia, Spanien zu absolvieren. Ein Praktikum bei dem Unternehmen \u201eLa Base\u201c hat mich sehr angesprochen, da ich bis zu diesem Zeitpunkt noch keine Einblicke in die Abl\u00e4ufe einer Kommunikationsagentur \/ Werbeagentur erhalten habe und mich dieses Berufsfeld jedoch f\u00fcr meine zuk\u00fcnftige Karriere sehr angesprochen hat. Meine Erwartungen an das Praktikum waren, die Abl\u00e4ufe einer solchen Agentur kennenzulernen, meine Spanischsprachkenntnisse zu verbessern, sowie durch die Arbeitsweisen Spaniens kennenzulernen. Spezifische Erwartungen an dem Unternehmen waren einerseits gute Organisation und Kommunikation<br \/>\ninnerhalb des Teams, eine offene und transparente Arbeitsweise, sowie das Sammeln von Arbeitserfahrung.<\/p>\n<p>In der Content-Erstellung konnte ich sowohl das in meinem Studium erworbene journalistische Wissen als auch meine praktischen Erfahrungen im Verfassen von Zeitungsbeitr\u00e4gen sinnvoll einbringen. Vor allem die Kompetenz des zielgruppenorientierten Schreibens ist f\u00fcr den Online-Bereich von hoher Relevanz. Durch die Corona-Pandemie war die Arbeit der Praktikant*innen haupts\u00e4chlich aus dem Home-Office zu vollziehen. Dadurch begann ein normaler Arbeitstag um ca. 9 Uhr morgens. Man hat<br \/>\nsich in Kontakt mit dem\/-r zust\u00e4ndigen Ansprechpartner*in gesetzt und hat entweder an weiterf\u00fchrenden Aufgaben der letzten Tage gearbeitet, oder es wurden neue Aufgabe zugeteilt und erkl\u00e4rt. Die Aufgaben umfassten die Recherche und des Schreibens von Zeitungsartikeln, Social Media<br \/>\nPosts, sowie die Verschriftlichung von verschiedenstem Content. Auch das Erstellen von Pr\u00e4sentationen, Tabellen und Listen f\u00fcr verschiedenste organisatorische Zwecke.<\/p>\n<p>Der Kontakt mit der Mentorin Paula Ferrer hat die ganze Arbeitszeit \u00fcber bestanden. Sobald die zu erf\u00fcllenden Aufgaben erledigt waren oder Fragen zu bestehenden Aufgaben entstanden, konnte der Kontakt immer hergestellt werden. Zum Ende des Arbeitstages wurde der Kontakt mit der Mentorin nochmals hergestellt, um den Arbeitstag auszuwerten und den n\u00e4chsten Tag zu besprechen. Der Kontakt mit der Mentorin wurde haupts\u00e4chlich \u00fcber Whats App oder E-Mail durchgef\u00fchrt. Ich konnte durch das Praktikum bei \u201eLa Base\u201c viele Eindr\u00fccke erhalten, wie die Abl\u00e4ufe in einer Kommunikationsagentur \/ Werbeagentur sind. Ich habe durch das Praktikum viel gelernt, sei es bei dem Content-Management, Social-Media Management oder Schreiben von Artikeln. Auch \u201eLa Base\u201c konnte von meinem Wissen, dass ich aus vergangenen Berufen und meinem Studium mitgebracht habe, profitieren. So habe ich zum Beispiel ein mehrseitiges Dokument erstellt, in dem der Gebrauch der sozialen Medien von deutschen \u00c4mtern und St\u00e4dten mit Spanischen verglichen wird, um zuk\u00fcnftige Strategien anzupassen oder abzu\u00e4ndern.<\/p>\n<p>Im Rahmen meines Praktikums habe ich einen sehr positiven Eindruck von \u201eLa Base\u201c als Arbeitgeber gewonnen. Gleicherma\u00dfen hat mich die Arbeit bei einer Kommunikationsagentur \/ Werbeagentur sehr interessiert und hat meine Erwartungen vollends erf\u00fcllt. Durch die Corona Pandemie war es leider nicht m\u00f6glich in dem B\u00fcro des Unternehmens zu arbeiten, dadurch war es schwer pers\u00f6nliche Beziehungen zwischen Mitarbeiter*innen herzustellen und das ganze Team besser kennenzulernen. Zudem wurden die Aufgaben zum Ende des Praktikums repetitiv. Generell fiel mir die Arbeit leicht, nur beim Schreiben spanischer Artikel hatte ich noch einige Probleme. Meine Sprachkenntnisse haben sich aber dennoch verbessert und ich bin sicherer in Konversationen geworden. Der T\u00e4tigkeitsbereich hat mir schon sehr imponiert und das Praktikum bei \u201eLa Base\u201c hat mich positiv bei meiner zuk\u00fcnftigen Berufswahl gepr\u00e4gt.<\/p>\n<p><strong>Tipps f\u00fcr andere Praktikant:innen<\/strong><br \/>\n<strong>Vorbereitung\u00a0<\/strong><br \/>\nIch empfehle generell sich fr\u00fch genug an verschiedene Unternehmen oder Organisationen zu wenden, an denen man interessiert ist. Bei mir hat dieser Prozess am l\u00e4ngsten gedauert.<\/p>\n<p><strong>Praktikumssuche<\/strong><br \/>\nBei mir hat es geholfen, sich an Professor*innen und Dozent*innen von der Universit\u00e4t zu richten. Diese k\u00f6nnen h\u00e4ufig Kontakt vermitteln, an die man sonst nicht so leicht gekommen w\u00e4re.<\/p>\n<p><strong>Wohnungssuche<\/strong><br \/>\nF\u00fcr die Wohnungssuche sollte man in verschiedenen Facebook Gruppen schauen und speziell f\u00fcr Spanien auf bei \u201eIdealista\u201c.<\/p>\n<p><strong>Versicherung<\/strong><br \/>\nAls Versicherung hat meine aus Deutschland ausgereicht.<\/p>\n<p><strong>Bank\/Kontoer\u00f6ffnung<\/strong><br \/>\nIch habe mein deutsches Konto verwendet.<\/p>\n<p><strong>Ausgehm\u00f6glichkeiten<\/strong><br \/>\nIn Valencia, Spanien gibt es ein reges Nachtleben, viele Bars und Discotheken. In der Stadt wohnen viele junge Menschen und viele Studenten. Au\u00dferdem gibt es viele Freizeitaktivit\u00e4ten.<\/p>\n","protected":false},"excerpt":{"rendered":"<p>Die Kommunikationsagentur \/ Werbeagentur bietet Praktikant*innen die M\u00f6glichkeit, verschiedene Abteilungen zu durchlaufen und dabei eine Vielzahl an Aufgabenbereichen und Abl\u00e4ufen kennenzulernen. Im Zeitraum vom 31.01.2022 bis zum 31.03.2022 habe ich im Anschluss an mein Erasmus Semester in Spanien, Valencia ein von Erasmus finanziell unterst\u00fctztes Auslandspraktikum erfolgreich abgeschlossen.<\/p>\n","protected":false},"author":3982,"featured_media":636,"comment_status":"open","ping_status":"open","sticky":false,"template":"","format":"standard","meta":{"footnotes":""},"categories":[486393],"tags":[339609,1762,339610],"class_list":["post-635","post","type-post","status-publish","format-standard","has-post-thumbnail","hentry","category-praktikum-europa","tag-publizistik-und-kommunikationswissenschaften","tag-spanien","tag-valencia"],"_links":{"self":[{"href":"https:\/\/blogs.fu-berlin.de\/auslandspraktikum\/wp-json\/wp\/v2\/posts\/635","targetHints":{"allow":["GET"]}}],"collection":[{"href":"https:\/\/blogs.fu-berlin.de\/auslandspraktikum\/wp-json\/wp\/v2\/posts"}],"about":[{"href":"https:\/\/blogs.fu-berlin.de\/auslandspraktikum\/wp-json\/wp\/v2\/types\/post"}],"author":[{"embeddable":true,"href":"https:\/\/blogs.fu-berlin.de\/auslandspraktikum\/wp-json\/wp\/v2\/users\/3982"}],"replies":[{"embeddable":true,"href":"https:\/\/blogs.fu-berlin.de\/auslandspraktikum\/wp-json\/wp\/v2\/comments?post=635"}],"version-history":[{"count":1,"href":"https:\/\/blogs.fu-berlin.de\/auslandspraktikum\/wp-json\/wp\/v2\/posts\/635\/revisions"}],"predecessor-version":[{"id":637,"href":"https:\/\/blogs.fu-berlin.de\/auslandspraktikum\/wp-json\/wp\/v2\/posts\/635\/revisions\/637"}],"wp:featuredmedia":[{"embeddable":true,"href":"https:\/\/blogs.fu-berlin.de\/auslandspraktikum\/wp-json\/wp\/v2\/media\/636"}],"wp:attachment":[{"href":"https:\/\/blogs.fu-berlin.de\/auslandspraktikum\/wp-json\/wp\/v2\/media?parent=635"}],"wp:term":[{"taxonomy":"category","embeddable":true,"href":"https:\/\/blogs.fu-berlin.de\/auslandspraktikum\/wp-json\/wp\/v2\/categories?post=635"},{"taxonomy":"post_tag","embeddable":true,"href":"https:\/\/blogs.fu-berlin.de\/auslandspraktikum\/wp-json\/wp\/v2\/tags?post=635"}],"curies":[{"name":"wp","href":"https:\/\/api.w.org\/{rel}","templated":true}]}}