{"id":654,"date":"2022-06-07T11:14:25","date_gmt":"2022-06-07T09:14:25","guid":{"rendered":"https:\/\/blogs.fu-berlin.de\/auslandspraktikum\/?p=654"},"modified":"2024-02-22T11:46:06","modified_gmt":"2024-02-22T10:46:06","slug":"praktikum-bei-einer-politikberatungsfirma-in-bruessel","status":"publish","type":"post","link":"https:\/\/blogs.fu-berlin.de\/auslandspraktikum\/2022\/06\/07\/praktikum-bei-einer-politikberatungsfirma-in-bruessel\/","title":{"rendered":"Praktikum bei einer Politikberatungsfirma in Br\u00fcssel"},"content":{"rendered":"\r\n<figure class=\"wp-block-table\">\r\n<table>\r\n<tbody>\r\n<tr>\r\n<td>Mein viermonatiges Praktikum in Br\u00fcssel, Belgien habe ich in einer Politikberatungsfirma gemacht. Im Br\u00fcsseler B\u00fcro des eigentlich deutschen Unternehmens arbeiten gerade einmal vier Personen: die Leiterin des B\u00fcros, eine Festangestellte sowie zwei Praktikant*innen, die alle drei bis sechs Monate wechseln. Dadurch, dass das Team so klein war, war ich von Anfang an voll eingebunden.<\/td>\r\n<\/tr>\r\n<\/tbody>\r\n<\/table>\r\n<\/figure>\r\n\r\n<p><!--more--><\/p>\r\n\r\n<figure class=\"wp-block-table\">\r\n<table>\r\n<tbody>\r\n<tr>\r\n<td>In den vier Monaten konnte ich einen sehr guten Einblick in die europ\u00e4ischen Prozesse erhalten. Gerade zu Anfang empfand ich meine Aufgaben als herausfordernd, da ich keinerlei Arbeitserfahrung im Bereich der EU mitbrachte und somit Vieles neu f\u00fcr mich war. Nach ein paar Wochen war ich jedoch eingearbeitet und insbesondere am Ende meines Praktikums hatte ich das Gef\u00fchl, bereits ein tiefes Wissen in den Politikbereichen, f\u00fcr die ich verantwortlich war, erlangt und viele neue Eindr\u00fccke gewonnen zu haben. W\u00e4hrend meiner Praktikumszeit deckte ich die Politikbereiche Anti-Geldw\u00e4sche, Energie- und Klimapolitik, Verbraucherpolitik und Nachhaltigkeit ab. T\u00e4glich beobachtete und fasste ich politische und gesetzgeberische Entwicklungen zu Themen und Ereignissen, die f\u00fcr bestehende und potenzielle Kunden relevant waren, zusammen, wobei verschiedene Politikbereiche wie Energie- und Klimapolitik, Geldw\u00e4schebek\u00e4mpfung, und auch die Bereiche Verbraucherpolitik und Nachhaltigkeit sowie das Bank- und Finanzwesen abgedeckt wurden. Dar\u00fcber hinaus wirkte ich an der Umsetzung von Stakeholder-Outreach-Strategien mit, einschlie\u00dflich der Recherche, Bewertung und Ansprache relevanter Stakeholder, insbesondere auf Seiten der EU-Institutionen, das hei\u00dft der politischen Entscheidungstr\u00e4ger*innen. Besonders gefreut hat mich, dass ich an den regelm\u00e4\u00dfigen Treffen mit den Kunden und Stakeholdern teilnehmen durfte. Die europ\u00e4ische Politik so hautnah erleben zu k\u00f6nnen, war toll. Au\u00dferdem entwarf und bereitete ich substanzielle Dokumente, wie technische und personelle Gespr\u00e4chsvorbereitungen im Rahmen des Outreaches vor, bereitete die Treffen mit den Kunden und Stakeholdern nach und erstellte regelm\u00e4\u00dfige Briefings und Updates zu aktuellen (technischen) politischen Entwicklungen, zum Beispiel zur Entwicklung der Energiemarktpreise. <br \/><br \/>Des Weiteren wirkte ich bei Recherchet\u00e4tigkeiten, unter anderem f\u00fcr Pitch-Briefings oder allgemeine Akquisebem\u00fchungen, mit und unterst\u00fctzte bei der Redaktion von Blogartikeln und Newslettern zu aktuellen Themen und Entwicklungen im Zusammenhang mit bestehenden und potenziellen Kunden. Jede*r Praktikant*in hat zudem die Aufgabe, am Ende ihres\/seines Praktikums im Unternehmen eine Learning Session durchzuf\u00fchren. Darunter kann eine etwa 30-min\u00fctige Pr\u00e4sentation verstanden werden, zu einem selbst gew\u00e4hlten Thema, welches jedoch mit Politikberatung auf EU-Ebene in Verbindung stehen sollte. Auch ich konzipierte, bereitete und f\u00fchrte eine interne Peer-Learning Session selbstst\u00e4ndig vor und durch, zum Einfluss Frankreichs in der Europ\u00e4ischen Union vor dem Hintergrund des politischen, wirtschaftlichen und demografischen Gewichts des Landes, seinem Beitrag zum EU-Haushalt und seiner Repr\u00e4sentation in der Europ\u00e4ischen Union. Dazu geh\u00f6rte eine ausf\u00fchrliche Kontextdiskussion sowie eine Analyse der praktischen Relevanz f\u00fcr die politische Arbeit des Unternehmens in Br\u00fcssel.<\/td>\r\n<\/tr>\r\n<\/tbody>\r\n<\/table>\r\n<\/figure>\r\n\r\n\r\n\r\n<figure class=\"wp-block-table\">\r\n<table>\r\n<tbody>\r\n<tr>\r\n<td>Neben der eigentlichen Arbeit im B\u00fcro geh\u00f6ren in Br\u00fcssel, so habe ich gelernt, auch zahlreiche Networking-Veranstaltungen dazu, abends nach der Arbeit oder auch in der Mittagspause. Ich hatte das Gl\u00fcck, dass nach einer zweij\u00e4hrigen Pause dieser Veranstaltungen aufgrund der Corona-Pandemie, St\u00fcck f\u00fcr St\u00fcck wieder mehr in Pr\u00e4senz stattgefunden hat und ich auch wirklich einige Veranstaltungen mitbekommen konnte. In besonders guter Erinnerung habe ich eine Veranstaltung zu den Wahlen in Frankreich, zu der die hessische Landesvertretung eingeladen hatte und an der ich zusammen mit dem anderen Praktikanten und unserer einen Kollegin teilnahm. Beim Empfang mit Sekt und H\u00e4ppchen lernte ich einen Advisor EU Affairs bei der Commerzbank AG kennen, der sich zu dem Zeitpunkt ebenso wie ich mit dem EU-Geldw\u00e4schepaket besch\u00e4ftigte. Es freute mich, mich mit jemandem zu einem Thema austauschen zu k\u00f6nnen, an dem ich auch arbeitete. Ich merkte zudem, dass ich nach etwas mehr als drei Monaten Praktikum in der Lage war, spezifische Informationen zu einem bestimmten EU-Politikbereich auszutauschen. Auch, wenn meine Networking-K\u00fcnste sicherlich noch deutlich ausbauf\u00e4hig sind, hat mir das Praktikum die M\u00f6glichkeit geboten, erste Kontakte im europ\u00e4ischen Kontext zu kn\u00fcpfen.\u00a0<\/td>\r\n<\/tr>\r\n<\/tbody>\r\n<\/table>\r\n<\/figure>\r\n\r\n\r\n\r\n<figure class=\"wp-block-table\">\r\n<table>\r\n<tbody>\r\n<tr>\r\n<td>Neben der eigentlichen Arbeit im B\u00fcro geh\u00f6ren in Br\u00fcssel, so habe ich gelernt, auch zahlreiche Networking-Veranstaltungen dazu, abends nach der Arbeit oder auch in der Mittagspause. Ich hatte das Gl\u00fcck, dass nach einer zweij\u00e4hrigen Pause dieser Veranstaltungen aufgrund der Corona-Pandemie, St\u00fcck f\u00fcr St\u00fcck wieder mehr in Pr\u00e4senz stattgefunden hat und ich auch wirklich einige Veranstaltungen mitbekommen konnte. In besonders guter Erinnerung habe ich eine Veranstaltung zu den Wahlen in Frankreich, zu der die hessische Landesvertretung eingeladen hatte und an der ich zusammen mit dem anderen Praktikanten und unserer einen Kollegin teilnahm. Beim Empfang mit Sekt und H\u00e4ppchen lernte ich einen Advisor EU Affairs bei der Commerzbank AG kennen, der sich zu dem Zeitpunkt ebenso wie ich mit dem EU-Geldw\u00e4schepaket besch\u00e4ftigte. Es freute mich, mich mit jemandem zu einem Thema austauschen zu k\u00f6nnen, an dem ich auch arbeitete. Ich merkte zudem, dass ich nach etwas mehr als drei Monaten Praktikum in der Lage war, spezifische Informationen zu einem bestimmten EU-Politikbereich auszutauschen. Auch, wenn meine Networking-K\u00fcnste sicherlich noch deutlich ausbauf\u00e4hig sind, hat mir das Praktikum die M\u00f6glichkeit geboten, erste Kontakte im europ\u00e4ischen Kontext zu kn\u00fcpfen.\u00a0<\/td>\r\n<\/tr>\r\n<\/tbody>\r\n<\/table>\r\n<\/figure>\r\n\r\n\r\n\r\n<figure class=\"wp-block-table\">\r\n<table>\r\n<tbody>\r\n<tr>\r\n<td>Neben der eigentlichen Arbeit im B\u00fcro geh\u00f6ren in Br\u00fcssel, so habe ich gelernt, auch zahlreiche Networking-Veranstaltungen dazu, abends nach der Arbeit oder auch in der Mittagspause. Ich hatte das Gl\u00fcck, dass nach einer zweij\u00e4hrigen Pause dieser Veranstaltungen aufgrund der Corona-Pandemie, St\u00fcck f\u00fcr St\u00fcck wieder mehr in Pr\u00e4senz stattgefunden hat und ich auch wirklich einige Veranstaltungen mitbekommen konnte. In besonders guter Erinnerung habe ich eine Veranstaltung zu den Wahlen in Frankreich, zu der die hessische Landesvertretung eingeladen hatte und an der ich zusammen mit dem anderen Praktikanten und unserer einen Kollegin teilnahm. Beim Empfang mit Sekt und H\u00e4ppchen lernte ich einen Advisor EU Affairs bei der Commerzbank AG kennen, der sich zu dem Zeitpunkt ebenso wie ich mit dem EU-Geldw\u00e4schepaket besch\u00e4ftigte. Es freute mich, mich mit jemandem zu einem Thema austauschen zu k\u00f6nnen, an dem ich auch arbeitete. Ich merkte zudem, dass ich nach etwas mehr als drei Monaten Praktikum in der Lage war, spezifische Informationen zu einem bestimmten EU-Politikbereich auszutauschen. Auch, wenn meine Networking-K\u00fcnste sicherlich noch deutlich ausbauf\u00e4hig sind, hat mir das Praktikum die M\u00f6glichkeit geboten, erste Kontakte im europ\u00e4ischen Kontext zu kn\u00fcpfen.\u00a0<\/td>\r\n<\/tr>\r\n<\/tbody>\r\n<\/table>\r\n<\/figure>\r\n\r\n\r\n\r\n<figure class=\"wp-block-table\">\r\n<table>\r\n<tbody>\r\n<tr>\r\n<td>Durch meinen Aufenthalt in Br\u00fcssel hatte ich erstmals das Gef\u00fchl, Europ\u00e4erin zu sein. Nah an den Orten zu sein, wo die Politik der Europ\u00e4ischen Union bestimmt wird, macht einen Unterschied. Nicht nur durch das Praktikum habe ich viel (inhaltlich) hinzugelernt, sondern auch durch das Leben in der europ\u00e4ischen Hauptstadt, die definitiv mehr als nur die EU-Bubble ist.<\/td>\r\n<\/tr>\r\n<\/tbody>\r\n<\/table>\r\n<\/figure>\r\n\r\n\r\n\r\n<p><strong>Tipps f\u00fcr andere Praktikant:innen<\/strong><\/p>\r\n\r\n\r\n\r\n<p><strong>Vorbereitung<\/strong><\/p>\r\n\r\n\r\n\r\n<ul class=\"wp-block-list\">\r\n<li>Absprache mit Praktikumsstelle, ob spezifische inhaltliche Vorbereitung n\u00f6tig ist\u00a0<\/li>\r\n<li>Wiederholung der Vorlesungen und Kurse, die ich im Bachelor zur EU belegt hatte<\/li>\r\n<li>Reisef\u00fchrer Belgien und Br\u00fcssel durchgelesen<\/li>\r\n<\/ul>\r\n\r\n\r\n\r\n<p><strong>Praktikumssuche<\/strong><\/p>\r\n\r\n\r\n\r\n<ul class=\"wp-block-list\">\r\n<li>Sammeln aller Organisationen, Unternehmen usw., die ich spannend finde, in einem Word-Dokument<\/li>\r\n<li>Engere Auswahl von Organisationen, Unternehmen usw. getroffen, bei denen ich mich bewerben wollte<\/li>\r\n<li>Ich habe dann vor allem auf den Webseiten der f\u00fcr mich in Frage kommenden Organisationen, Unternehmen usw. nach offenen Stellen geschaut, mich teilweise aber auch initiativ beworben.<\/li>\r\n<\/ul>\r\n\r\n\r\n\r\n<p><strong>Wohnungssuche<\/strong><\/p>\r\n\r\n\r\n\r\n<ul class=\"wp-block-list\">\r\n<li>Mit Freund*innen und Verwandten gesprochen und gefragt, ob sie jemanden kennen, der\/die gerade in Br\u00fcssel wohnt oder einmal dort gelebt hat, um Tipps f\u00fcr die Wohnungssuche zu bekommen<\/li>\r\n<li>Von den Personen, an die ich weitergeleitet wurde, habe ich folgende Seiten empfohlen bekommen:\r\n<ul>\r\n<li>BXL A LOUER: <a href=\"https:\/\/m.facebook.com\/groups\/391497164323592\/?ref=group_browse\">https:\/\/m.facebook.com\/groups\/391497164323592\/?ref=group_browse<\/a><\/li>\r\n<\/ul>\r\n<ul>\r\n<li>Bxl \u00e0 Louer: <a href=\"https:\/\/m.facebook.com\/groups\/195527370457521?group_view_referrer=search\">https:\/\/m.facebook.com\/groups\/195527370457521?group_view_referrer=search<\/a><\/li>\r\n<\/ul>\r\n<ul>\r\n<li>Wonen in Brussel: <a href=\"https:\/\/m.facebook.com\/groups\/188519461195986\/?ref=group_browse\">https:\/\/m.facebook.com\/groups\/188519461195986\/?ref=group_browse<\/a><\/li>\r\n<\/ul>\r\n<ul>\r\n<li><a href=\"https:\/\/www.facebook.com\/groups\/Brusselsrooms\/?ref=share\">https:\/\/www.facebook.com\/groups\/Brusselsrooms\/?ref=share<\/a><\/li>\r\n<\/ul>\r\n<ul>\r\n<li><a href=\"https:\/\/www.spotahome.com\">https:\/\/www.spotahome.com<\/a><\/li>\r\n<\/ul>\r\n<ul>\r\n<li><a href=\"https:\/\/www.immoweb.be\/en\">https:\/\/www.immoweb.be\/en<\/a><\/li>\r\n<\/ul>\r\n<ul>\r\n<li><a href=\"https:\/\/www.sharehomebrussels.com\/\">https:\/\/www.sharehomebrussels.com\/<\/a> \u00a0<\/li>\r\n<\/ul>\r\n<ul>\r\n<li>appartager.be<\/li>\r\n<\/ul>\r\n<ul>\r\n<li>Cohabs<\/li>\r\n<\/ul>\r\n<\/li>\r\n<li>Ich habe mich zudem noch erkundigt, welche Bezirke besonders sch\u00f6n und praktisch zum Wohnen sind. Mir wurden insbesondere Ixelles, Etterbeek, Saint-Gilles, Schaarbeek und das Zentrum nahe St. Catherine empfohlen.<\/li>\r\n<li>Ich pers\u00f6nlich habe eine Wohnung \u00fcber eine Facebook-Gruppe gefunden. Ich hatte im Vorhinein verschiedene Anfragen auf DE, EN und FR vorformuliert.<\/li>\r\n<li>Sollte der Aufenthalt in Br\u00fcssel l\u00e4nger dauern, empfehle ich, einen Mietvertrag abzuschlie\u00dfen und wenn m\u00f6glich, die Kaution auf ein Extra-Konto zu \u00fcberweisen. \u00a0<\/li>\r\n<\/ul>\r\n\r\n\r\n\r\n<p><strong>Versicherung<\/strong><\/p>\r\n\r\n\r\n\r\n<ul class=\"wp-block-list\">\r\n<li>Ich hatte eine Kranken-, Unfall- und Haftpflichtversicherung f\u00fcr das Ausland.<\/li>\r\n<li>Ich habe, wie von der FU empfohlen, die Kombi-Versicherung des DAAD gew\u00e4hlt.<\/li>\r\n<\/ul>\r\n\r\n\r\n\r\n<p><strong>Telefon-\/Internetanschluss<\/strong><\/p>\r\n\r\n\r\n\r\n<ul class=\"wp-block-list\">\r\n<li>Das Datenroaming in Belgien kostet in meinem Tarif genauso viel wie in meinem Inlandstarif in Deutschland. Auch f\u00fcr Gespr\u00e4che innerhalb Belgiens und nach Deutschland sowie in der EU zahle ich die Konditionen meines Inlandstarifs. Ich hatte somit keine zus\u00e4tzlichen Kosten.<\/li>\r\n<\/ul>\r\n\r\n\r\n\r\n<p><strong>Bank\/Kontoer\u00f6ffnung<\/strong><\/p>\r\n\r\n\r\n\r\n<ul class=\"wp-block-list\">\r\n<li>Ich habe kein neues Konto in Belgien er\u00f6ffnet.<\/li>\r\n<li>Ich konnte die Bankkarte meiner deutschen Bank auch in Belgien nutzen.<\/li>\r\n<li>Beim Abheben mit der Bankkarte in Belgien w\u00e4ren Geb\u00fchren angefallen, da es jedoch m\u00f6glich ist, in Belgien praktisch alles mit der Karte zu zahlen, musste ich nie abheben. F\u00fcr den Notfall hatte ich vorher in Deutschland etwas Bargeld abgehoben.<\/li>\r\n<\/ul>\r\n\r\n\r\n\r\n<p><strong>Sonstiges<\/strong><\/p>\r\n\r\n\r\n\r\n<ul class=\"wp-block-list\">\r\n<li>Ich empfehle allen, die unter 25 Jahren sind, das MOBIB-Abo f\u00fcr Sch\u00fcler*innen\/Studierende f\u00fcr den \u00d6PNV abzuschlie\u00dfen. Es ist deutlich g\u00fcnstiger als sich immer wieder 10er-Tickets zu kaufen. N\u00e4here Informationen hier: <a href=\"https:\/\/www.stib-mivb.be\/article.html?l=en&amp;_guid=003e3783-1d83-3410-eab3-ce6aa344e8e2\">https:\/\/www.stib-mivb.be\/article.html?l=en&amp;_guid=003e3783-1d83-3410-eab3-ce6aa344e8e2<\/a><\/li>\r\n<\/ul>\r\n\r\n\r\n\r\n<p><strong>Ausgehm\u00f6glichkeiten<\/strong><\/p>\r\n\r\n\r\n\r\n<ul class=\"wp-block-list\">\r\n<li>Besonders sch\u00f6ne und viele Restaurants, Bars und Clubs sind in Ixelles, Saint-Gilles und im Zentrum.<\/li>\r\n<li>Mein liebster Ort zum Tanzen und sich mit Freund*innen treffen ist das Kiosk Radio im Parc de Bruxelles (open-air).<\/li>\r\n<\/ul>\r\n","protected":false},"excerpt":{"rendered":"<p>Mein viermonatiges Praktikum in Br\u00fcssel, Belgien habe ich in einer Politikberatungsfirma gemacht. Im Br\u00fcsseler B\u00fcro des eigentlich deutschen Unternehmens arbeiten gerade einmal vier Personen: die Leiterin des B\u00fcros, eine Festangestellte sowie zwei Praktikant*innen, die alle drei bis sechs Monate wechseln. Dadurch, dass das Team so klein war, war ich von Anfang an voll eingebunden.<\/p>\n","protected":false},"author":3982,"featured_media":655,"comment_status":"open","ping_status":"open","sticky":false,"template":"","format":"standard","meta":{"footnotes":""},"categories":[486393],"tags":[2983,196664,963],"class_list":["post-654","post","type-post","status-publish","format-standard","has-post-thumbnail","hentry","category-praktikum-europa","tag-belgien","tag-bruessel","tag-politikwissenschaft"],"_links":{"self":[{"href":"https:\/\/blogs.fu-berlin.de\/auslandspraktikum\/wp-json\/wp\/v2\/posts\/654","targetHints":{"allow":["GET"]}}],"collection":[{"href":"https:\/\/blogs.fu-berlin.de\/auslandspraktikum\/wp-json\/wp\/v2\/posts"}],"about":[{"href":"https:\/\/blogs.fu-berlin.de\/auslandspraktikum\/wp-json\/wp\/v2\/types\/post"}],"author":[{"embeddable":true,"href":"https:\/\/blogs.fu-berlin.de\/auslandspraktikum\/wp-json\/wp\/v2\/users\/3982"}],"replies":[{"embeddable":true,"href":"https:\/\/blogs.fu-berlin.de\/auslandspraktikum\/wp-json\/wp\/v2\/comments?post=654"}],"version-history":[{"count":4,"href":"https:\/\/blogs.fu-berlin.de\/auslandspraktikum\/wp-json\/wp\/v2\/posts\/654\/revisions"}],"predecessor-version":[{"id":667,"href":"https:\/\/blogs.fu-berlin.de\/auslandspraktikum\/wp-json\/wp\/v2\/posts\/654\/revisions\/667"}],"wp:featuredmedia":[{"embeddable":true,"href":"https:\/\/blogs.fu-berlin.de\/auslandspraktikum\/wp-json\/wp\/v2\/media\/655"}],"wp:attachment":[{"href":"https:\/\/blogs.fu-berlin.de\/auslandspraktikum\/wp-json\/wp\/v2\/media?parent=654"}],"wp:term":[{"taxonomy":"category","embeddable":true,"href":"https:\/\/blogs.fu-berlin.de\/auslandspraktikum\/wp-json\/wp\/v2\/categories?post=654"},{"taxonomy":"post_tag","embeddable":true,"href":"https:\/\/blogs.fu-berlin.de\/auslandspraktikum\/wp-json\/wp\/v2\/tags?post=654"}],"curies":[{"name":"wp","href":"https:\/\/api.w.org\/{rel}","templated":true}]}}