{"id":1073,"date":"2018-07-11T18:00:24","date_gmt":"2018-07-11T16:00:24","guid":{"rendered":"https:\/\/blogs.fu-berlin.de\/ber\/?p=1073"},"modified":"2018-07-11T19:33:36","modified_gmt":"2018-07-11T17:33:36","slug":"ber-ist-alles-wirklich-nur-negativ","status":"publish","type":"post","link":"https:\/\/blogs.fu-berlin.de\/ber\/2018\/07\/11\/ber-ist-alles-wirklich-nur-negativ\/","title":{"rendered":"BER &#8211; ist alles wirklich nur negativ?"},"content":{"rendered":"<p>Nach zwei monatiger intensiver Besch\u00e4ftigung mit dem Gro\u00dfprojekt BER hat sich unsere Meinung \u00fcber dessen Realisierbarkeit und Notwendigkeit stark ge\u00e4ndert. Unsere anf\u00e4ngliche Indifferenz \u00fcber das geplante Flughafenprojekt kehrte sich in reges Interesse und Anteilnahme, je mehr wir durch Expertentreffen und eigene Recherche in Erfahrung bringen konnten. Unser anf\u00e4nglich negativ gepr\u00e4gte Einsch\u00e4tzung resultierte vor allem aus dem \u00fcberwiegend nachteiligen Framing der lokalen und vor allem bundesweiten Medien. Eine kleine Befragung unserer Kommilitonen anderer Gruppen f\u00fchrte zu demselben Ergebnis.<\/p>\n<p><!--more--><\/p>\n<p><img loading=\"lazy\" decoding=\"async\" class=\"alignnone size-full wp-image-1076\" src=\"https:\/\/blogs.fu-berlin.de\/ber\/files\/2018\/07\/Foto-Beitrag-12.jpg\" alt=\"\" width=\"1191\" height=\"742\" srcset=\"https:\/\/blogs.fu-berlin.de\/ber\/files\/2018\/07\/Foto-Beitrag-12.jpg 1191w, https:\/\/blogs.fu-berlin.de\/ber\/files\/2018\/07\/Foto-Beitrag-12-300x187.jpg 300w, https:\/\/blogs.fu-berlin.de\/ber\/files\/2018\/07\/Foto-Beitrag-12-768x478.jpg 768w, https:\/\/blogs.fu-berlin.de\/ber\/files\/2018\/07\/Foto-Beitrag-12-1024x638.jpg 1024w\" sizes=\"auto, (max-width: 709px) 85vw, (max-width: 909px) 67vw, (max-width: 1362px) 62vw, 840px\" \/><\/p>\n<p>Die erste gestellte Frage thematisierte die allgemeine Wahrnehmung des BER. Die Studenten konnten rote Markierungen entsprechend ihrer Meinungstendenz zum Flughafenvorhaben BER setzen. Somit konnte auf einen Blick die Auffassung unseres Kurses auf das Projekt visualisiert werden. Zwar teilen wir Studenten nicht die \u00fcberspitzt negative Meinung der meisten Medien, es sind jedoch ablehnende Anschauungen deutlich geworden.<\/p>\n<p>In der zweiten Frage wird erfragt, ob der vorl\u00e4ufig unvollendete Flughafen abgerissen werden sollte. Hier wird eine starke Ablehnung von Seiten der Studenten erkennbar.<\/p>\n<p>Wie bereits erw\u00e4hnt \u00e4nderte sich die Meinung unserer Gruppe vor allem nach den Interviews mit den eingeladenen Journalisten. Die f\u00fcr die lokalen und bundesweiten Medien zust\u00e4ndigen Experten sind Herr Michael Fabrizius von der WELT und Herr Lorenz Maroldt vom Tagesspiegel.<\/p>\n<p>Die Herangehensweise des Tagesspiegel Autoren ist eher von \u201eironisch, aber nicht zynisch\u201c gepr\u00e4gt, so rief er zum Beispiel ein Gewinnspiel unter seiner Leserschaft ins Leben. Zum tausendsten \u201eNichter\u00f6ffnungstag\u201c ( das tausendt\u00e4gige Jubil\u00e4um des allerersten Er\u00f6ffungstermins) verloste er eine private F\u00fchrung durch den BER.<\/p>\n<p>Jedoch hat uns vor allem die Meinung von Herrn Fabrizius stark \u00fcberzeugt. Er ging vor allem auf die Notwendigkeit eines neuen Flughafens f\u00fcr Berlin ein. Seine <a href=\"https:\/\/blogs.fu-berlin.de\/ber\/2018\/07\/02\/ber-interview-medien\/#more-905\">Argumente\u00a0<\/a>unterstrichen die st\u00e4dtebauliche Sinnhaftigkeit des Projekts und das Erfordernis, den Flughafen Tegel baldm\u00f6glichst zu schlie\u00dfen. Trotz seiner Aussage : \u201cWer etwas schlechtes \u00fcber den BER sagt, redet dem Volk nach dem Mund und wer dem Volk nach dem Mund redet, das kommt immer gut\u201c, hat er eine eher positive Auffassung zum BER, welche er logisch fundiert vertreten hat und auch uns teilweise davon \u00fcberzeugen konnte.<\/p>\n<p>Alles in allem sind wir zufrieden mit dem Projekt und dankbar, dass wir \u00fcber verschiedene Sichtweisen zum Thema BER aufgekl\u00e4rt werden konnten. Wir werden den weiteren Verlauf des Gro\u00dfprojekts BER nun mit starkem Interesse verfolgen und sind schon gespannt, ob die Er\u00f6ffnung in 2020 wirklich naht.<\/p>\n","protected":false},"excerpt":{"rendered":"<p>Nach zwei monatiger intensiver Besch\u00e4ftigung mit dem Gro\u00dfprojekt BER hat sich unsere Meinung \u00fcber dessen Realisierbarkeit und Notwendigkeit stark ge\u00e4ndert. Unsere anf\u00e4ngliche Indifferenz \u00fcber das geplante Flughafenprojekt kehrte sich in reges Interesse und Anteilnahme, je mehr wir durch Expertentreffen und eigene Recherche in Erfahrung bringen konnten. Unser anf\u00e4nglich negativ gepr\u00e4gte Einsch\u00e4tzung resultierte vor allem aus &hellip; <a href=\"https:\/\/blogs.fu-berlin.de\/ber\/2018\/07\/11\/ber-ist-alles-wirklich-nur-negativ\/\" class=\"more-link\"><span class=\"screen-reader-text\">\u201eBER &#8211; ist alles wirklich nur negativ?\u201c<\/span> weiterlesen<\/a><\/p>\n","protected":false},"author":3328,"featured_media":0,"comment_status":"open","ping_status":"open","sticky":false,"template":"","format":"standard","meta":{"footnotes":""},"categories":[221909,221757],"tags":[],"class_list":["post-1073","post","type-post","status-publish","format-standard","hentry","category-bundesweite-medien","category-lokale-medien"],"_links":{"self":[{"href":"https:\/\/blogs.fu-berlin.de\/ber\/wp-json\/wp\/v2\/posts\/1073","targetHints":{"allow":["GET"]}}],"collection":[{"href":"https:\/\/blogs.fu-berlin.de\/ber\/wp-json\/wp\/v2\/posts"}],"about":[{"href":"https:\/\/blogs.fu-berlin.de\/ber\/wp-json\/wp\/v2\/types\/post"}],"author":[{"embeddable":true,"href":"https:\/\/blogs.fu-berlin.de\/ber\/wp-json\/wp\/v2\/users\/3328"}],"replies":[{"embeddable":true,"href":"https:\/\/blogs.fu-berlin.de\/ber\/wp-json\/wp\/v2\/comments?post=1073"}],"version-history":[{"count":8,"href":"https:\/\/blogs.fu-berlin.de\/ber\/wp-json\/wp\/v2\/posts\/1073\/revisions"}],"predecessor-version":[{"id":1131,"href":"https:\/\/blogs.fu-berlin.de\/ber\/wp-json\/wp\/v2\/posts\/1073\/revisions\/1131"}],"wp:attachment":[{"href":"https:\/\/blogs.fu-berlin.de\/ber\/wp-json\/wp\/v2\/media?parent=1073"}],"wp:term":[{"taxonomy":"category","embeddable":true,"href":"https:\/\/blogs.fu-berlin.de\/ber\/wp-json\/wp\/v2\/categories?post=1073"},{"taxonomy":"post_tag","embeddable":true,"href":"https:\/\/blogs.fu-berlin.de\/ber\/wp-json\/wp\/v2\/tags?post=1073"}],"curies":[{"name":"wp","href":"https:\/\/api.w.org\/{rel}","templated":true}]}}