{"id":252,"date":"2018-06-01T11:10:51","date_gmt":"2018-06-01T09:10:51","guid":{"rendered":"https:\/\/blogs.fu-berlin.de\/ber\/?p=252"},"modified":"2018-06-04T13:38:16","modified_gmt":"2018-06-04T11:38:16","slug":"herzlich-willkommen-auf-unserem-ber-blog","status":"publish","type":"post","link":"https:\/\/blogs.fu-berlin.de\/ber\/2018\/06\/01\/herzlich-willkommen-auf-unserem-ber-blog\/","title":{"rendered":"Herzlich Willkommen auf unserem BER Blog"},"content":{"rendered":"<p>Wir sind Studierende der Freien Universit\u00e4t Berlin, die sich im Rahmen des Moduls Projektmanagements mit dem Gro\u00dfprojekt BER besch\u00e4ftigen.<\/p>\n<p>Dieser Blog h\u00e4tte in Anlehnung an den ber\u00fchmten Turmbau ebenso gut \u201cDer Airportbau zu Berlin\u201d oder auch \u201cBER in transition\u201d hei\u00dfen k\u00f6nnen, denn sobald man sich eingehender mit der Entstehungsgeschichte dieses Infrastrukturgro\u00dfprojektes auseinandersetzt wird deutlich, wie viele Stakeholder mit divergierenden wirtschaftlichen, politischen und pers\u00f6nlichen Vorstellungen, Agenden und Zielen am Entstehungsprozess beteiligt waren und auch immer noch sind.<\/p>\n<p>Unser Blog soll dazu beitragen, die in der Lehrveranstaltung erforschten Perspektiven der einzelnen Interessengruppen systematisch darzustellen und den sehr langwierigen und verzweigten Gesamtprozess in erfassbare Fragmente zu zerlegen. Ziel ist es, ein m\u00f6glichst klares Bild des bisherigen Projektverlaufs nachzuzeichnen und die bisweilen emotional gef\u00fchrte Debatte durch die Fokussierung auf die Stakeholder-Perspektive beim \u201cBauen in Demokratien\u201d, wie Meinhard von Gerkan es treffend bezeichnet (Black Box BER, 2013), zu bereichern.<\/p>\n<p>Wir laden alle Beteiligten, Betroffenen, Interessenvertreter und Interessierte herzlich ein, sich durch Kommentare und Beitr\u00e4ge an unserem Blog zu beteiligen und unseren wirtschaftswissenschaftlichen Ansatz vor allem auch interdisziplin\u00e4r zu erweitern.<\/p>\n<p><!--more--><\/p>\n<details open=\"\">\n<summary><b>FU News vom 23.04.2018<\/b><\/summary>\n<h2 class=\"box-news-doc-headline\">\u00dcberw\u00e4ltigendes Interesse an neuer Projektmanagement-Vorlesung<\/h2>\n<div class=\"icaption-left-container-s1\">\n<figure class=\"icaption-left-s1\">\n<div class=\"icaption-image\"><a class=\"fancybox\" style=\"background: 0px 0px transparent;color: #0066cc;text-decoration: none\" title=\"&lt;p&gt;Lehrveranstaltung Projektmanagement&lt;\/p&gt;\" href=\"http:\/\/www.wiwiss.fu-berlin.de\/fachbereich\/bwl\/management\/braun\/_media\/Bilder\/construction-BER.jpg?width=1300&amp;density=1\"><img decoding=\"async\" class=\"figure-img\" title=\"\" src=\"http:\/\/www.wiwiss.fu-berlin.de\/fachbereich\/bwl\/management\/braun\/_media\/Bilder\/construction-BER.jpg?width=350\" alt=\"\" \/><\/a><\/div><figcaption>\n<h3 class=\"icaption-caption\"><em><span class=\"icaption-caption-title\">Lehrveranstaltung Projektmanagement<\/span><\/em><\/h3>\n<\/figcaption><\/figure>\n<\/div>\n<div class=\"editor-content \">\n<p>Im Sommersemester wird erstmalig am Fachbereich Wirtschaftswissenschaft die Veranstaltung \u201eProjektmanagement\u201c durch die gleichnamige Juniorprofessur von Prof. Dr. Timo Braun angeboten. Die angenommene Teilnehmerzahl von 60-80 Studierenden wurde in der ersten Sitzung bereits weit \u00fcbertroffen und liegt aktuell bei rund 300 Studierenden. Die Vorlesung wurde deshalb kurzerhand in einen gr\u00f6\u00dferen H\u00f6rsaal verlegt.<\/p>\n<p>An diesem Wahlfach k\u00f6nnen Bachelor-Studierende der Betriebswirtschaftslehre und auch Nebenfachstudierende mit anderen Studienschwerpunkten teilnehmen. Das innovative Lehrkonzept st\u00f6\u00dft auch in der Hochschuldidaktik auf Interesse und wird daher durch das SUPPORT-Programm der Freien Universit\u00e4t finanziell unterst\u00fctzt. Das Fach besteht aus Vorlesung und \u00dcbung. Letztere findet in Form eines Projektes statt, das sich intensiv mit den Stakeholder-Perspektiven auf das Gro\u00dfprojekt des Hauptstadtflughafens Berlin-Brandenburg (kurz BER) auseinandersetzt. Die betroffenen Stakeholder \u2013 etwa Flughafenplaner und Ingenieure, f\u00fchrende Mitglieder politischer Parteien, Vertreter von B\u00fcrgerinitiativen sowie Journalisten \u2013 sind als Experten\/innen in die Lehrveranstaltung mit eingebunden und stehen den studentischen Gruppen in deren Teilprojekten als Ansprechpartner zur Seite. Typisch f\u00fcr projekt-basiertes Organisieren werden regelm\u00e4\u00dfige Steuerungsmeetings durchgef\u00fchrt und Meilensteine \u00fcberpr\u00fcft. Dieser Teil der Veranstaltung wird unterst\u00fctzt von Dr. Stephan Bohn (Post-Doc an der Professur Sydow). Genau wie in der Unternehmenspraxis gibt es auch in der Lehrveranstaltung Projektleiter\/innen. Studierende, die diese Aufgabe wahrnehmen, erhalten eine professionelle Prozessbegleitung durch die Unternehmensberatung Peter Knapp GmbH mit einem Fokus auf Mediations- und Moderationstechniken. Von den 300 Studierenden werden insgesamt 20 Teilprojekte rund um den Flughafen BER durchgef\u00fchrt. Diese sollen zum Ende des Semesters im Rahmen einer Ergebnis-Vernissage wieder zusammengef\u00fchrt werden. Als weiteres \u201eBenefit\u201c wird den Studierenden angeboten, im Rahmen der Vorlesung eine Basiszertifizierung nach dem IPMA Standart zu erwerben. Dies erfolgt in Zusammenarbeit mit der GPM Deutsche Gesellschaft f\u00fcr Projektmanagement e.V.<\/p>\n<p>&nbsp;<\/p>\n<p>Links:<\/p>\n<p>Juniorprofessur f\u00fcr Projektmanagement:\u00a0<a href=\"http:\/\/wiwiss.fu-berlin.de\/braun\">http:\/\/wiwiss.fu-berlin.de\/braun<\/a><\/p>\n<p>Lehrveranstaltung im Vorlesungsverzeichnis:\u00a0<a href=\"https:\/\/www.fu-berlin.de\/vv\/de\/lv\/429117?query=101141\">https:\/\/www.fu-berlin.de\/vv\/de\/lv\/429117?query=101141<\/a><\/p>\n<p>SUPPORT-Programm der FU Berlin:\u00a0<a href=\"https:\/\/www.fu-berlin.de\/sites\/qualitaetspakt\/\">https:\/\/www.fu-berlin.de\/sites\/qualitaetspakt\/<\/a><\/p>\n<p>GPM Gesellschaft f\u00fcr Projektmanagement:\u00a0<a href=\"http:\/\/www.gpm-ipma.de\/\" target=\"_blank\" rel=\"noopener\">http:\/\/www.gpm-ipma.de<\/a><\/p>\n<\/div>\n<p>Quelle:<br \/>\n<a href=\"http:\/\/www.wiwiss.fu-berlin.de\/fachbereich\/bwl\/management\/braun\/News\/20180421_Lehrveranstaltung-Projektmanagement.html\">http:\/\/www.wiwiss.fu-berlin.de\/fachbereich\/bwl\/management\/braun\/News\/20180421_Lehrveranstaltung-Projektmanagement.html<\/a><\/p>\n<\/details>\n<p>&nbsp;<\/p>\n<p>&nbsp;<\/p>\n<p>&nbsp;<\/p>\n<p>&nbsp;<\/p>\n","protected":false},"excerpt":{"rendered":"<p>Wir sind Studierende der Freien Universit\u00e4t Berlin, die sich im Rahmen des Moduls Projektmanagements mit dem Gro\u00dfprojekt BER besch\u00e4ftigen. Dieser Blog h\u00e4tte in Anlehnung an den ber\u00fchmten Turmbau ebenso gut \u201cDer Airportbau zu Berlin\u201d oder auch \u201cBER in transition\u201d hei\u00dfen k\u00f6nnen, denn sobald man sich eingehender mit der Entstehungsgeschichte dieses Infrastrukturgro\u00dfprojektes auseinandersetzt wird deutlich, wie &hellip; <a href=\"https:\/\/blogs.fu-berlin.de\/ber\/2018\/06\/01\/herzlich-willkommen-auf-unserem-ber-blog\/\" class=\"more-link\"><span class=\"screen-reader-text\">\u201eHerzlich Willkommen auf unserem BER Blog\u201c<\/span> weiterlesen<\/a><\/p>\n","protected":false},"author":3328,"featured_media":0,"comment_status":"open","ping_status":"open","sticky":false,"template":"","format":"standard","meta":{"footnotes":""},"categories":[9],"tags":[],"class_list":["post-252","post","type-post","status-publish","format-standard","hentry","category-allgemein"],"_links":{"self":[{"href":"https:\/\/blogs.fu-berlin.de\/ber\/wp-json\/wp\/v2\/posts\/252","targetHints":{"allow":["GET"]}}],"collection":[{"href":"https:\/\/blogs.fu-berlin.de\/ber\/wp-json\/wp\/v2\/posts"}],"about":[{"href":"https:\/\/blogs.fu-berlin.de\/ber\/wp-json\/wp\/v2\/types\/post"}],"author":[{"embeddable":true,"href":"https:\/\/blogs.fu-berlin.de\/ber\/wp-json\/wp\/v2\/users\/3328"}],"replies":[{"embeddable":true,"href":"https:\/\/blogs.fu-berlin.de\/ber\/wp-json\/wp\/v2\/comments?post=252"}],"version-history":[{"count":9,"href":"https:\/\/blogs.fu-berlin.de\/ber\/wp-json\/wp\/v2\/posts\/252\/revisions"}],"predecessor-version":[{"id":337,"href":"https:\/\/blogs.fu-berlin.de\/ber\/wp-json\/wp\/v2\/posts\/252\/revisions\/337"}],"wp:attachment":[{"href":"https:\/\/blogs.fu-berlin.de\/ber\/wp-json\/wp\/v2\/media?parent=252"}],"wp:term":[{"taxonomy":"category","embeddable":true,"href":"https:\/\/blogs.fu-berlin.de\/ber\/wp-json\/wp\/v2\/categories?post=252"},{"taxonomy":"post_tag","embeddable":true,"href":"https:\/\/blogs.fu-berlin.de\/ber\/wp-json\/wp\/v2\/tags?post=252"}],"curies":[{"name":"wp","href":"https:\/\/api.w.org\/{rel}","templated":true}]}}