{"id":352,"date":"2018-06-06T18:00:05","date_gmt":"2018-06-06T16:00:05","guid":{"rendered":"https:\/\/blogs.fu-berlin.de\/ber\/?p=352"},"modified":"2018-06-08T11:39:52","modified_gmt":"2018-06-08T09:39:52","slug":"cdu-fdp-titel-noch-ueberlegen","status":"publish","type":"post","link":"https:\/\/blogs.fu-berlin.de\/ber\/2018\/06\/06\/cdu-fdp-titel-noch-ueberlegen\/","title":{"rendered":"Der BER aus Sicht der CDU und FDP"},"content":{"rendered":"<p>Der Flughafen BER ist schon seit \u00fcber 10 Jahren vor allem in der Politik ein vielfach diskutiertes Thema. Die Meinungen hinsichtlich dieses leuchtturmartigen Gro\u00dfprojekts gehen dabei von Partei zu Partei weit auseinander. In einem Positionspapier bezieht die CDU Stellung.<\/p>\n<p><a href=\"https:\/\/webcache.googleusercontent.com\/search?q=cache:_dELgCXDeFcJ:https:\/\/www.cduberlin.de\/image\/inhalte\/126_ber_positionspapier.pdf+&amp;cd=1&amp;hl=de&amp;ct=clnk&amp;gl=de&amp;client=firefox-b-ab\">&#8222;Die CDU Berlin bekennt sich mit Nachdruck zum wichtigsten und gr\u00f6\u00dften Infrastrukturprojekt der Hauptstadtregion, das zugleich das Tor der deutschen Hauptstadt zur Welt ist.&#8220;<\/a><\/p>\n<p>Aus dem Dokument wird deutlich, dass es f\u00fcr die Union an oberster Stelle steht, die begangenen Fehlentscheidungen bez\u00fcglich des Flughafens BER zu \u00fcberwinden und diesen trotz des eklatanten Missmanagements und der zahlreichen Terminverschiebungen zu einer Erfolgsgeschichte mit Vorreitercharakter zu machen.<\/p>\n<p><!--more--><\/p>\n<figure id=\"attachment_353\" aria-describedby=\"caption-attachment-353\" style=\"width: 194px\" class=\"wp-caption alignleft\"><img loading=\"lazy\" decoding=\"async\" class=\"wp-image-353 size-full\" src=\"https:\/\/blogs.fu-berlin.de\/ber\/files\/2018\/06\/grafik1.png\" alt=\"\" width=\"194\" height=\"259\" \/><figcaption id=\"caption-attachment-353\" class=\"wp-caption-text\">Stefan Evers &#8211; Interview folgt zu einem sp\u00e4teren Zeitpunkt.<\/figcaption><\/figure>\n<p>Daf\u00fcr beschloss der Landesvorstand der CDU einige Ma\u00dfnahmen, um das Ziel einer erfolgreichen Er\u00f6ffnung des BER so schnell wie m\u00f6glich zu erreichen. Die Partei schien sich dessen bewusst zu sein, dass die bisherigen Kapazit\u00e4ten des Flughafens nicht zukunftsorientiert waren, eine Erkenntnis, die insbesondere im Angesicht der zuk\u00fcnftig immens steigenden Anzahl an Flugreisenden deutlich\/evident wird. Deswegen plante die Partei, die anstehende Terminverschiebung zu nutzen, um in dieser Zeit das Flughafengel\u00e4nde des zuk\u00fcnftigen BER weiter auszubauen. Au\u00dferdem sollten die anderen Berliner Airports vorerst ge\u00f6ffnet bleiben, um weiterhin einen reibungslosen Reiseverkehr rund um die Hauptstadt gew\u00e4hrleisten zu k\u00f6nnen. Daf\u00fcr seien aber zus\u00e4tzliche Investitionen in den Flughafen Tegel n\u00f6tig.<\/p>\n<p>Ein weiteres Anliegen war es, die Unternehmer des BER finanziell zu sch\u00fctzen und eine schnelle Pr\u00fcfung der Schadensersatzanforderungen zu gew\u00e4hrleisten.<\/p>\n<p>Anders als die CDU, die von 1999 bis 2009 mit der SPD in Brandenburg sowie von 2011 bis 2016 in Berlin regierte und seit 2005 die Kanzlerin stellt war die FDP mit einer kurzen Ausnahme (2009-2013) keiner der Gesellschafter des BER und somit in einer grunds\u00e4tzlich unterschiedlichen politischen Verantwortung.<\/p>\n<p>Der FDP fiel als Oppositionspartei somit die Rolle des (konstruktiven) Kritikers zu die sie bestm\u00f6glichst auszuf\u00fcllen suchte. So prangerte die brandenburgische FDP im Kontext der Haushaltsdebatte 13\/14 an, dass die Kosten f\u00fcr den BER v\u00f6llig unkalkulierbar seien und Taschenspielertricks genutzt w\u00fcrden um globale Minderausgaben zu verstecken. 2018 forderte die brandenburgische FDP sogar die Erarbeitung eines Alternativplans f\u00fcr den Standort Sch\u00f6nefeld.<\/p>\n<p>Bewegt man sich von den landes- und bundespolitisch dominierten Debatten auf die kommunale Ebene zeigt sich eine ambivalente Betrachtung, etwa der FDP Gro\u00dfbeeren. Die ist zwar der Ansicht, dass bei der Wahl des Standortes Sch\u00f6nefeld die falsche Entscheidung getroffen wurde, sieht jedoch ein, dass der erreichte Entwicklungsstand des BER eine Schlie\u00dfung\/Verlagerung indiskutabel gestaltet.<\/p>\n<figure id=\"attachment_354\" aria-describedby=\"caption-attachment-354\" style=\"width: 200px\" class=\"wp-caption alignleft\"><img loading=\"lazy\" decoding=\"async\" class=\"wp-image-354 size-medium\" src=\"https:\/\/blogs.fu-berlin.de\/ber\/files\/2018\/06\/grafik-200x300.png\" alt=\"\" width=\"200\" height=\"300\" srcset=\"https:\/\/blogs.fu-berlin.de\/ber\/files\/2018\/06\/grafik-200x300.png 200w, https:\/\/blogs.fu-berlin.de\/ber\/files\/2018\/06\/grafik-768x1153.png 768w, https:\/\/blogs.fu-berlin.de\/ber\/files\/2018\/06\/grafik-682x1024.png 682w, https:\/\/blogs.fu-berlin.de\/ber\/files\/2018\/06\/grafik-1200x1801.png 1200w, https:\/\/blogs.fu-berlin.de\/ber\/files\/2018\/06\/grafik.png 1450w\" sizes=\"auto, (max-width: 200px) 85vw, 200px\" \/><figcaption id=\"caption-attachment-354\" class=\"wp-caption-text\">Sebastian Czaja &#8211; Interview folgt zu einem sp\u00e4teren Zeitpunkt.<\/figcaption><\/figure>\n<p>F\u00fcr die Berliner FDP (aber auch f\u00fcr die Bundes-FDP) sind der BER und der Fortbestand von Tegel\u00a0 untrennbar miteinander verkn\u00fcpft. Der Erhalt von Tegel wurde sogar das Hauptthema im Wahlkampf 2016. Da der BER zu klein sei, m\u00fcsse Tegel weiter in Betrieb bleiben. W\u00fcrde Tegel jedoch geschlossen werden ben\u00f6tige man eine dritte Start- und Landebahn. Diese zus\u00e4tzlichen Belastungen, so die brandenburgische FDP, w\u00fcrden die Brandenburger tragen.<\/p>\n<p>Vor dem Hintergrund der bereits mehrere Jahre andauernden Bem\u00fchungen und der damit einhergehenden H\u00e4ufung der Terminverschiebungen und Baupannen ist es nur verst\u00e4ndlich, dass vonseiten der CDU inzwischen das Postulat einer h\u00f6heren Kontrolle und Transparenz laut wurde. Schon 2012 forderten sie eine Sonderkommission, deren Rolle darin bestehen sollte, die neue Flughafenf\u00fchrung mit Fachexpertise zu unterst\u00fctzen.<\/p>\n<p>Diese Forderung allein wird heute jedoch nicht mehr als ausreichend angesehen. Mittlerweile engagiert sich die CDU zusammen mit der FDP daf\u00fcr, einen weiteren Untersuchungsausschuss einzusetzen, der aufdecken soll, was bei der Planung in den Vorjahren schief gelaufen ist.<\/p>\n<p>Dar\u00fcber hinaus will die Partei keine weiteren Steuergelder in den neuen Hauptstadtflughafen investieren und ihn stattdessen teilprivatisieren, was zum Ziel einer schnelleren und besseren Fertigstellung beitragen soll.<\/p>\n","protected":false},"excerpt":{"rendered":"<p>Der Flughafen BER ist schon seit \u00fcber 10 Jahren vor allem in der Politik ein vielfach diskutiertes Thema. Die Meinungen hinsichtlich dieses leuchtturmartigen Gro\u00dfprojekts gehen dabei von Partei zu Partei weit auseinander. In einem Positionspapier bezieht die CDU Stellung. &#8222;Die CDU Berlin bekennt sich mit Nachdruck zum wichtigsten und gr\u00f6\u00dften Infrastrukturprojekt der Hauptstadtregion, das zugleich &hellip; <a href=\"https:\/\/blogs.fu-berlin.de\/ber\/2018\/06\/06\/cdu-fdp-titel-noch-ueberlegen\/\" class=\"more-link\"><span class=\"screen-reader-text\">\u201eDer BER aus Sicht der CDU und FDP\u201c<\/span> weiterlesen<\/a><\/p>\n","protected":false},"author":3328,"featured_media":0,"comment_status":"open","ping_status":"open","sticky":false,"template":"","format":"standard","meta":{"footnotes":""},"categories":[220611],"tags":[],"class_list":["post-352","post","type-post","status-publish","format-standard","hentry","category-politische-parteien-cdu-und-fdp"],"_links":{"self":[{"href":"https:\/\/blogs.fu-berlin.de\/ber\/wp-json\/wp\/v2\/posts\/352","targetHints":{"allow":["GET"]}}],"collection":[{"href":"https:\/\/blogs.fu-berlin.de\/ber\/wp-json\/wp\/v2\/posts"}],"about":[{"href":"https:\/\/blogs.fu-berlin.de\/ber\/wp-json\/wp\/v2\/types\/post"}],"author":[{"embeddable":true,"href":"https:\/\/blogs.fu-berlin.de\/ber\/wp-json\/wp\/v2\/users\/3328"}],"replies":[{"embeddable":true,"href":"https:\/\/blogs.fu-berlin.de\/ber\/wp-json\/wp\/v2\/comments?post=352"}],"version-history":[{"count":8,"href":"https:\/\/blogs.fu-berlin.de\/ber\/wp-json\/wp\/v2\/posts\/352\/revisions"}],"predecessor-version":[{"id":506,"href":"https:\/\/blogs.fu-berlin.de\/ber\/wp-json\/wp\/v2\/posts\/352\/revisions\/506"}],"wp:attachment":[{"href":"https:\/\/blogs.fu-berlin.de\/ber\/wp-json\/wp\/v2\/media?parent=352"}],"wp:term":[{"taxonomy":"category","embeddable":true,"href":"https:\/\/blogs.fu-berlin.de\/ber\/wp-json\/wp\/v2\/categories?post=352"},{"taxonomy":"post_tag","embeddable":true,"href":"https:\/\/blogs.fu-berlin.de\/ber\/wp-json\/wp\/v2\/tags?post=352"}],"curies":[{"name":"wp","href":"https:\/\/api.w.org\/{rel}","templated":true}]}}