{"id":565,"date":"2018-06-16T18:00:37","date_gmt":"2018-06-16T16:00:37","guid":{"rendered":"https:\/\/blogs.fu-berlin.de\/ber\/?p=565"},"modified":"2018-06-19T13:07:11","modified_gmt":"2018-06-19T11:07:11","slug":"der-traum-vom-drehkreuz","status":"publish","type":"post","link":"https:\/\/blogs.fu-berlin.de\/ber\/2018\/06\/16\/der-traum-vom-drehkreuz\/","title":{"rendered":"Der Traum vom Drehkreuz"},"content":{"rendered":"<figure id=\"attachment_598\" aria-describedby=\"caption-attachment-598\" style=\"width: 840px\" class=\"wp-caption alignnone\"><a href=\"https:\/\/www.flickr.com\/photos\/caribb\/194965685\"><img loading=\"lazy\" decoding=\"async\" class=\"wp-image-598 size-large\" src=\"https:\/\/blogs.fu-berlin.de\/ber\/files\/2018\/06\/194965685_8b5613d691_o-1024x680.jpg\" alt=\"\" width=\"840\" height=\"558\" srcset=\"https:\/\/blogs.fu-berlin.de\/ber\/files\/2018\/06\/194965685_8b5613d691_o-1024x680.jpg 1024w, https:\/\/blogs.fu-berlin.de\/ber\/files\/2018\/06\/194965685_8b5613d691_o-300x199.jpg 300w, https:\/\/blogs.fu-berlin.de\/ber\/files\/2018\/06\/194965685_8b5613d691_o-768x510.jpg 768w, https:\/\/blogs.fu-berlin.de\/ber\/files\/2018\/06\/194965685_8b5613d691_o-1200x797.jpg 1200w, https:\/\/blogs.fu-berlin.de\/ber\/files\/2018\/06\/194965685_8b5613d691_o.jpg 1546w\" sizes=\"auto, (max-width: 709px) 85vw, (max-width: 909px) 67vw, (max-width: 1362px) 62vw, 840px\" \/><\/a><figcaption id=\"caption-attachment-598\" class=\"wp-caption-text\">Foto von <a href=\"https:\/\/www.flickr.com\/photos\/caribb\/\">Caribb<\/a><\/figcaption><\/figure>\n<p>Wie in <a href=\"https:\/\/blogs.fu-berlin.de\/ber\/2018\/06\/08\/gruendung-und-erste-probleme\/\">vorangegangenen Beitr\u00e4gen<\/a> erw\u00e4hnt wurde, entstand die Grundidee eines zentralen Flughafens f\u00fcr Berlin und sp\u00e4ter Brandenburg unter anderem mit Beteiligung der deutschen Fluggesellschaft Lufthansa.<\/p>\n<p>Der derzeitige Standort f\u00fcr die Fluggastabfertigung in Berlin ist der Flughafen Tegel, dies soll bis zur Fertigstellung des BER auch weiterhin der Standort bleiben. Nach jetziger vertraglicher Lage, werden mit der Er\u00f6ffnung des BER beide aktuelle Berliner Flugh\u00e4fen, sowohl der Flughafen Tegel, als auch der Flughafen Sch\u00f6nefeld, <a href=\"https:\/\/www.berliner-zeitung.de\/berlin\/flughafenstreit-tegel-schliessung-wird-immer-wahrscheinlicher--28723888\">schlie\u00dfen<\/a>, so die zust\u00e4ndige Flughafengesellschaft FBB.<\/p>\n<p><!--more--><\/p>\n<p>Die Lufthansa hatte trotz mehrerer Verschiebungen der Er\u00f6ffnung immer wieder bekr\u00e4ftigt, den Standort BER tatkr\u00e4ftig zu unterst\u00fctzen. Dennoch sei man der Meinung, dass der neue Flughafen kein Drehkreuz f\u00fcr den Flugverkehr, wie die Flugh\u00e4fen in M\u00fcnchen oder Frankfurt wird. Dazu Lufthansa-Vorstand Harry Hohmeister in einem Interview vom 23.Oktober 2017 in der Berliner Morgenpost: \u201eAls ein Drehkreuz wie M\u00fcnchen oder Frankfurt \u2013 nein. Dazu ist er (Anmerkung des Redakteurs: BER) zu klein. Au\u00dferdem haben wir mit Z\u00fcrich und Wien bereits vier Drehkreuze auf relativ engem Raum. Ein f\u00fcnftes ist nicht zweckm\u00e4\u00dfig, da muss man ehrlich sein\u201c.<\/p>\n<p>Die oft diskutierte Drehkreuzfunktion des Flughafens ist nicht nur Thema bei verschiedenen Fluggesellschaften wie Lufthansa, sondern auch beim Berliner Senat. Dieser hatte einst die Pl\u00e4ne den BER als direkten Konkurrenten zu den Flugh\u00e4fen in M\u00fcnchen und Frankfurt <a href=\"https:\/\/www.tagesspiegel.de\/politik\/drehkreuz-berlin-es-geht-auch-ohne-lufthansa\/21125380.html\">zu etablieren<\/a>. Die Bestrebungen fanden mit der <a href=\"http:\/\/www.handelsblatt.com\/unternehmen\/handel-konsumgueter\/insolvenz-von-air-berlin-niedergang-vor-laufender-kamera\/20696436.html\">Insolvenz <\/a>von Air Berlin im August 2017 ein j\u00e4hes Ende. Denn gerade die Fluggesellschaft Air Berlin war es, die einst Pl\u00e4ne hatte den BER als ein Drehkreuz zu nutzen. Air Berlin war nicht nur die einzige Fluggesellschaft, die den BER als Drehkreuz nutzen wollten, sondern dar\u00fcber hinaus auch der <a href=\"https:\/\/www.morgenpost.de\/berlin\/article211607143\/Was-die-Insolvenz-von-Air-Berlin-fuer-den-BER-bedeutet.html\">gr\u00f6\u00dfte Kunde<\/a> des BER. Die St\u00e4rke dieses B\u00fcndnis wurde im Jahr 2012 auch dadurch untermauert, dass man kurz vor der geplanten Er\u00f6ffnung einen Airbus 330 mit der Aufschrift \u201eBER \u2013 Europe\u2019s most modern Airport\u201c starten lie\u00df.<\/p>\n<p>Es wird ersichtlich, dass das Ziel des Senats den BER als Luftfahrt-Drehkreuz neben M\u00fcnchen und Frankfurt zu etablieren vorerst gescheitert ist. Dabei spielt auch die immer wieder aufgeschobene Er\u00f6ffnung des Flughafens eine Rolle. So soll diese alleine Air Berlin pro Jahr<a href=\"https:\/\/www.morgenpost.de\/berlin\/article211607143\/Was-die-Insolvenz-von-Air-Berlin-fuer-den-BER-bedeutet.html\"> 20 Million Euro<\/a> gekostet haben. Wer die ehemalig von Air Berlin angemeldeten Zeitfenster f\u00fcr Start und Landungen \u00fcbernehmen wird, ist derzeit noch offen. Dabei k\u00f6nnten Billigairlines wie Ryanair und Easyjet noch eine Rolle spielen.<\/p>\n<p>Die Bedeutung des Projekts BER f\u00fcr Fluggesellschaften, wie hier vor allem Air Berlin, k\u00f6nnte somit h\u00f6her als erwartet sein. Es ist zwar klar, dass die Insolvenz der Fluggesellschaft nicht alleinig der versp\u00e4teten Er\u00f6ffnung zugerechnet werden kann. Dennoch wird sie durch die zus\u00e4tzlichen Kosten eine Rolle gespielt haben und dies hat sicherlich auch einen Einfluss auf die Bedeutung, welche andere Airlines dem Flughafen BER f\u00fcr ihr Gesch\u00e4ft beimessen.<\/p>\n","protected":false},"excerpt":{"rendered":"<p>Wie in vorangegangenen Beitr\u00e4gen erw\u00e4hnt wurde, entstand die Grundidee eines zentralen Flughafens f\u00fcr Berlin und sp\u00e4ter Brandenburg unter anderem mit Beteiligung der deutschen Fluggesellschaft Lufthansa. Der derzeitige Standort f\u00fcr die Fluggastabfertigung in Berlin ist der Flughafen Tegel, dies soll bis zur Fertigstellung des BER auch weiterhin der Standort bleiben. Nach jetziger vertraglicher Lage, werden mit &hellip; <a href=\"https:\/\/blogs.fu-berlin.de\/ber\/2018\/06\/16\/der-traum-vom-drehkreuz\/\" class=\"more-link\"><span class=\"screen-reader-text\">\u201eDer Traum vom Drehkreuz\u201c<\/span> weiterlesen<\/a><\/p>\n","protected":false},"author":3328,"featured_media":0,"comment_status":"open","ping_status":"open","sticky":false,"template":"","format":"standard","meta":{"footnotes":""},"categories":[222223],"tags":[],"class_list":["post-565","post","type-post","status-publish","format-standard","hentry","category-fluggesellschaften"],"_links":{"self":[{"href":"https:\/\/blogs.fu-berlin.de\/ber\/wp-json\/wp\/v2\/posts\/565","targetHints":{"allow":["GET"]}}],"collection":[{"href":"https:\/\/blogs.fu-berlin.de\/ber\/wp-json\/wp\/v2\/posts"}],"about":[{"href":"https:\/\/blogs.fu-berlin.de\/ber\/wp-json\/wp\/v2\/types\/post"}],"author":[{"embeddable":true,"href":"https:\/\/blogs.fu-berlin.de\/ber\/wp-json\/wp\/v2\/users\/3328"}],"replies":[{"embeddable":true,"href":"https:\/\/blogs.fu-berlin.de\/ber\/wp-json\/wp\/v2\/comments?post=565"}],"version-history":[{"count":9,"href":"https:\/\/blogs.fu-berlin.de\/ber\/wp-json\/wp\/v2\/posts\/565\/revisions"}],"predecessor-version":[{"id":743,"href":"https:\/\/blogs.fu-berlin.de\/ber\/wp-json\/wp\/v2\/posts\/565\/revisions\/743"}],"wp:attachment":[{"href":"https:\/\/blogs.fu-berlin.de\/ber\/wp-json\/wp\/v2\/media?parent=565"}],"wp:term":[{"taxonomy":"category","embeddable":true,"href":"https:\/\/blogs.fu-berlin.de\/ber\/wp-json\/wp\/v2\/categories?post=565"},{"taxonomy":"post_tag","embeddable":true,"href":"https:\/\/blogs.fu-berlin.de\/ber\/wp-json\/wp\/v2\/tags?post=565"}],"curies":[{"name":"wp","href":"https:\/\/api.w.org\/{rel}","templated":true}]}}