{"id":57,"date":"2018-06-15T18:00:59","date_gmt":"2018-06-15T16:00:59","guid":{"rendered":"https:\/\/blogs.fu-berlin.de\/ber\/?p=57"},"modified":"2018-06-19T13:06:37","modified_gmt":"2018-06-19T11:06:37","slug":"flughafen-berlin-brandenburg-never-ending-story","status":"publish","type":"post","link":"https:\/\/blogs.fu-berlin.de\/ber\/2018\/06\/15\/flughafen-berlin-brandenburg-never-ending-story\/","title":{"rendered":"Flughafen Berlin Brandenburg \u2013 never ending story"},"content":{"rendered":"<figure id=\"attachment_60\" aria-describedby=\"caption-attachment-60\" style=\"width: 2782px\" class=\"wp-caption alignnone\"><a href=\"https:\/\/www.flickr.com\/photos\/aero_icarus\/8332171935\/\"><img loading=\"lazy\" decoding=\"async\" class=\"wp-image-60 size-full\" src=\"https:\/\/blogs.fu-berlin.de\/ber\/files\/2018\/05\/Germanwings_Airbus_A319-132_D-AGWT@TXL30.12.2012_684cy_8332171935.jpg\" alt=\"\" width=\"2782\" height=\"1848\" srcset=\"https:\/\/blogs.fu-berlin.de\/ber\/files\/2018\/05\/Germanwings_Airbus_A319-132_D-AGWT@TXL30.12.2012_684cy_8332171935.jpg 2782w, https:\/\/blogs.fu-berlin.de\/ber\/files\/2018\/05\/Germanwings_Airbus_A319-132_D-AGWT@TXL30.12.2012_684cy_8332171935-300x199.jpg 300w, https:\/\/blogs.fu-berlin.de\/ber\/files\/2018\/05\/Germanwings_Airbus_A319-132_D-AGWT@TXL30.12.2012_684cy_8332171935-768x510.jpg 768w, https:\/\/blogs.fu-berlin.de\/ber\/files\/2018\/05\/Germanwings_Airbus_A319-132_D-AGWT@TXL30.12.2012_684cy_8332171935-1024x680.jpg 1024w, https:\/\/blogs.fu-berlin.de\/ber\/files\/2018\/05\/Germanwings_Airbus_A319-132_D-AGWT@TXL30.12.2012_684cy_8332171935-1200x797.jpg 1200w\" sizes=\"auto, (max-width: 709px) 85vw, (max-width: 909px) 67vw, (max-width: 1362px) 62vw, 840px\" \/><\/a><figcaption id=\"caption-attachment-60\" class=\"wp-caption-text\">Foto by <a href=\"https:\/\/www.flickr.com\/photos\/aero_icarus\/\">Aero Icarus<\/a> &#8211; Germanwings Airbus A319-132;<\/figcaption><\/figure>\n<p>Am 24.09.2017 fand der Volksentscheid zur Abstimmung \u00fcber die Zukunft Tegels statt.<\/p>\n<p>56,4% und somit die Mehrheit der B\u00fcrger stimmte f\u00fcr eine Offenhaltung, doch auch der Anteil der Gegenstimmen war enorm. Die Hauptgr\u00fcnde der Gegner sind offensichtlich: Flugl\u00e4rm, von dem nach Berechnung der Umweltverwaltung rund 300.000 Menschen betroffen sind, Kosten f\u00fcr Sanierung und Umweltschutz.<\/p>\n<p>Fluggesellschaften leiden weder unter Flugl\u00e4rm, noch setzen Sie sich f\u00fcr Umweltschutz ein. Dennoch spalten sie sich in Bef\u00fcrworter und Gegner des 44 Jahre alten Flughafens und sind sich uneinig dar\u00fcber, wie die Zukunft Tegels aussehen soll.<\/p>\n<p>F\u00fcr unseren ersten Blogeintrag haben wir die Positionen der 5 wichtigsten Fluggesellschaften im Hinblick auf den Standort Berlin zusammengefasst. Dabei stellt sich die Frage: Inwiefern sind Bef\u00fcrworter Tegels Gegner des BER und umgekehrt?<\/p>\n<p><!--more--><\/p>\n<p>&nbsp;<\/p>\n<details open=\"\">\n<summary><b>Lufthansa<\/b><\/summary>\n<p>Lufthansa ist mit einer Anzahl von ca. 130.000 Mitarbeitern und 540 Tochter- und Beteiligungsunternehmen die gr\u00f6\u00dfte und wichtigste Fluggesellschaft in Deutschland und hat sich in der Vergangenheit oft gegen den Flughafen Tegel ausgesprochen.<\/p>\n<p>Carsten Spohr, Chef des Lufthansa Konzerns, ist der Meinung, dass es au\u00dfer bei Mega-Cities f\u00fcr einen Luftverkehrsstandort immer vorteilhaft sei, wenn alle Kr\u00e4fte geb\u00fcndelt werden. Ein Weiterbetrieb sei wirtschaftlich nicht attraktiv. So \u00e4u\u00dferte er sich in einem Interview mit dem Magazin des Vereins Berliner Kaufleute und Industrieller. Zus\u00e4tzlich verwies er auf das Beispiel Mailand. Hier sei der Gro\u00dfflughafen Malpensa seiner Wachstumsm\u00f6glichkeit beraubt worden.<\/p>\n<p>Auch den BER sieht die Lufthansa kritisch. Die Airline hat bereits vier Drehkreuze in Europa (Frankfurt, M\u00fcnchen, Wien und Z\u00fcrich) und m\u00f6chte in Berlin kein Weiteres etablieren. Vorstandsmitglied der Lufthansa, Harry Hohmeister, ist der Meinung, dass ein f\u00fcnftes Drehkreuz nicht zweckm\u00e4\u00dfig w\u00e4re. Berlin habe f\u00fcr den Konzern keine \u00fcbergeordnete Bedeutung oder gar Priorit\u00e4t. Ein weiterer R\u00fcckschlag f\u00fcr den BER.<\/p>\n<p>Die Einstellung der Lufthansa zu den angesprochenen Berliner Flugh\u00e4fen ist nicht verwunderlich. Der eine wird als Pannenflughafen bezeichnet, der andere z\u00e4hlt zu den schlechtesten Flugh\u00e4fen in Deutschland. Bei einer Umfrage des Deutschen Kundeninstituts (DKI) wurden die 10 gr\u00f6\u00dften Flugh\u00e4fen in Deutschland getestet. Tegel belegte dabei Platz 10. In den Testkategorien &#8222;bestes Flugangebot&#8220; und &#8222;beste Aufenthaltsqualit\u00e4t&#8220; wurde Tegel mit \u201emangelhaft\u201c bewertet.<br \/>\n<img loading=\"lazy\" decoding=\"async\" class=\"alignnone wp-image-61\" src=\"https:\/\/blogs.fu-berlin.de\/ber\/files\/2018\/05\/Bildschirmfoto-2018-05-16-um-19.53.40-300x173.png\" alt=\"\" width=\"540\" height=\"312\" srcset=\"https:\/\/blogs.fu-berlin.de\/ber\/files\/2018\/05\/Bildschirmfoto-2018-05-16-um-19.53.40-300x173.png 300w, https:\/\/blogs.fu-berlin.de\/ber\/files\/2018\/05\/Bildschirmfoto-2018-05-16-um-19.53.40.png 697w\" sizes=\"auto, (max-width: 540px) 85vw, 540px\" \/><\/p>\n<\/details>\n<details open=\"\">\n<summary><b>Air Berlin<\/b><\/summary>\n<p>Vor der Insolvenz im August 2017 war Air Berlin jahrelang die zweitgr\u00f6\u00dfte deutsche Fluglinie nach Lufthansa. F\u00fcr den BER war Air Berlin aber die Nummer Eins. Kurz vor der geplanten Er\u00f6ffnung des Flughafens schickte Air Berlin sogar ein Flugzeug mit der Aufschrift \u201eBER Europe`s most modern Airport\u201c in die Luft. Air Berlin war n\u00e4mlich die Einzige Fluggesellschaft, die am BER ein Drehkreuz installieren wollte. Darauf ausgerichtet wurde der gesamte S\u00fcdpier gebaut. Die Passagiere sollten \u00fcber neun Fluggastbr\u00fccken in die Flugzeuge gelangen und eine Air Berlin eigene Lounge w\u00fcrde bis zu 200 Passagieren Platz bieten. So war es auch nicht verwunderlich, dass die offizielle Stellungnahme eines Air Berlin Sprechers im Jahr 2017 gegen den Weiterbetrieb des Flughafen Tegel und auf die schnellstm\u00f6gliche Inbetriebnahme des BER gerichtet war. \u201eEin substanzieller Ausbau der Langstrecke in der Qualit\u00e4t, die wir unseren Kunden bieten wollen, ist nur am BER m\u00f6glich\u201c.<br \/>\nOb die Verz\u00f6gerung der Er\u00f6ffnung des Flughafens Berlin Brandenburg zur Pleite der Fluggesellschaft mitbeigetragen hat ist fraglich. Air Berlin behauptet jedenfalls, dass die immer wieder verschobene Er\u00f6ffnung die Fluggesellschaft wegen der mangelnden Expansionsm\u00f6glichkeiten j\u00e4hrlich 20 Millionen Euro gekostet hat.<\/p>\n<\/details>\n<details open=\"\">\n<summary><b>Ryan Air<\/b><\/summary>\n<p>Die irische Billigfluggesellschaft Ryan Air, welche im Jahr 2017 bereits 11,5 Prozent aller Fl\u00fcge von und nach Berlin ausf\u00fchrte hat ebenfalls klare Erwartungen an den Standort Berlin.<br \/>\nRyan Air positioniert sich klar gegen die Schlie\u00dfung Tegels und warnt vor einer m\u00f6glichen \u201epolitischen Fehlentscheidung\u201c. Der offizielle Standpunkt der Fluggesellschaft: In einer Zeit st\u00e4ndig wachsender Touristen-, sowie Passagierzahlen w\u00e4re es ein gro\u00dfer Fehler Tegel \u00a0aufzugeben, da damit h\u00f6chstwahrscheinlich Kapazit\u00e4tsengp\u00e4sse auftauchen w\u00fcrden. Au\u00dferdem k\u00f6nnte Berlin mit dem Weiterbetrieb von Tegel zu einem wichtigen Drehkreuz f\u00fcr Langstreckenverbindungen werden. Dank der wachsenden Bedeutung des Flugverkehrs kann eine Vielzahl an neuen Jobs in der Luftbranche geschaffen werden. Den Berechnungen der Fluggesellschaft nach k\u00f6nnten allein durch Passagiere, die Ryanair zus\u00e4tzlich bedienen m\u00f6chte, in den n\u00e4chsten 3-5 Jahren 4000 neue Jobs erforderlich werden. Diese positiven Entwicklungen w\u00e4ren aber nur mit dem Erhalt Tegels m\u00f6glich. Ansonsten w\u00fcrde der Luftverkehr in Berlin massiven Beschr\u00e4nkungen standhalten m\u00fcssen, so die Stellungnahme Ryanairs.<br \/>\nDer neue Flughafen Berlin Brandenburg bringt aber nicht nur Vorteile, sondern auch Verz\u00f6gerungen und Risiken mit sich. Bislang kann Sch\u00f6nefeld rund um die Uhr angeflogen werden, das k\u00f6nnte sich aber mit der Er\u00f6ffnung des BER \u00e4ndern, denn es wird stark \u00fcber Nachtflugverbote diskutiert. Das w\u00fcrde f\u00fcr Ryanair bedeuten, dass die Flieger nicht mehr drei Mal, sondern nur noch zwei Mal am Tag die Urlaubsziele erreichen k\u00f6nnen. Somit w\u00fcrde ein Drittel des Umsatzes wegbrechen.<\/p>\n<\/details>\n<details open=\"\">\n<summary><b>Condor<\/b><\/summary>\n<p>Auch die Fluggesellschaft Condor, welche wie auch Lufthansa Mitglied im Bundesverband der Deutschen Fluggesellschaften ist, vertritt die Seite des Weiterbetriebs.<br \/>\nDer Chef des Ferienfliegers Condor, Ralf Teckentrup, spricht sich f\u00fcr den Weiterbetrieb Tegels aus. \u201eDer neue Flughafen ist, wenn er denn mal aufmacht, vermutlich viel zu klein. Deshalb habe ich auch eine Menge pers\u00f6nlicher Sympathie daf\u00fcr, den Gedanken der Offenhaltung von Tegel weiterzuverfolgen. Es funktioniert ja nicht so, wie man es vor zehn Jahren mal gedacht hat. Da muss man bereit sein, neu zu denken.\u201c<\/p>\n<p>Tats\u00e4chlich ist eine ausreichende Kapazit\u00e4t noch nicht festgestellt worden. <strong>In Berlin w\u00e4chst der Luftverkehr deutschlandweit am st\u00e4rksten. Dem Senat wird vorgeworfen zu geringe Fluggastzahlen prognostiziert zu haben. <\/strong><\/p>\n<p>Seit April fliegt Condor nicht mehr nach Berlin. Die Konkurrenz war viel zu gro\u00df, die Fl\u00fcge wirtschaftlich nicht nachhaltig. Condor war eine der wichtigsten Fluggesellschaften am Standort Berlin. Ob der R\u00fcckzug von Condor in Verbindung zum neuen BER steht, ist unklar.<\/p>\n<\/details>\n<details open=\"\">\n<summary><b>Easy Jet<\/b><\/summary>\n<p>Der britische Billigflieger Easy Jet hat nach der Pleite Air Berlins einige Slots \u00fcbernommen. Inzwischen sind rund 230 Mitarbeiter von Easy Jet am Flughafen Tegel stationiert. Bis Ende des Jahres sollen es sogar 1000 werden. Auch die Nachfrage nach den Fl\u00fcgen der Fluggesellschaft entwickelt sich gut. Die Flugpl\u00e4ne sollen optimiert werden, sodass steigende Einnahmen erwartet werden, welche die Verluste von 43,2 Millionen Euro vom Oktober 2017 bis M\u00e4rz 2018 ausgleichen sollen. Aus diesen Anstrengungen und Investitionen in den Betrieb am Standort Tegel, l\u00e4sst sich schlussfolgern, dass auch Easy Jet auf den Erhalt Tegels setzt. Die Kapazit\u00e4t des BER wird eher als nicht ausreichend betrachtet.<br \/>\nSomit sind viele Billigfluggesellschaften gegen die Schlie\u00dfung Tegels nach der Er\u00f6ffnung des BER.<\/p>\n<\/details>\n<p>&nbsp;<\/p>\n<p>Viele Fluggesellschaften haben ihren eigenen Flugplan, der am 25.M\u00e4rz 2018 in Kraft getreten ist, f\u00fcr den Sommer 2018 erweitert. Dies kurbelt das Wachstum von Tegel enorm an. Hier ein paar Beispiele:<\/p>\n<ul>\n<li>die deutsche\u00a0<strong>Eurowings<\/strong>\u00a0verdoppelt ihr Flugangebot ab Berlin-Tegel<\/li>\n<li>die deutsche Fluggesellschaft\u00a0<strong>Germania<\/strong>\u00a0baut ihren Flugbetrieb ab Berlin-Tegel weiter aus. Reiseziele wie die T\u00fcrkei, Griechenland, Portugal und Spanien stehen im Flugplan der Airline.<\/li>\n<li><strong>Scoot<\/strong>, eine Tochtergesellschaft der\u00a0<strong>Singapore Airlines<\/strong>, wird viermal w\u00f6chentlich nach Singapur fliegen.<\/li>\n<li>die russische Fluggesellschaft\u00a0<strong>Pobeda<\/strong>, eine hundertprozentige Tochter der Aeroflot, nimmt in Berlin-Tegel ihren Flugbetrieb auf.<\/li>\n<\/ul>\n<p>Ob w\u00e4hrend eines solchen Wachstums die Schlie\u00dfung von Tegel wirtschaftlich sinnvoll ist?<\/p>\n<p>Verfasser: Anastasija Vatiska, Elina Gulko<\/p>\n<p>&nbsp;<\/p>\n<p>&nbsp;<\/p>\n<details open=\"\">\n<summary><b>Textquellen<\/b><\/summary>\n<p><a href=\"https:\/\/www.morgenpost.de\/berlin\/article211607143\/Was-die-Insolvenz-von-Air-Berlin-fuer-den-BER-bedeutet.html\">https:\/\/www.morgenpost.de\/berlin\/article211607143\/Was-die-Insolvenz-von-Air-Berlin-fuer-den-BER-bedeutet.html<\/a><\/p>\n<p><a href=\"https:\/\/www.tagesspiegel.de\/wirtschaft\/volksentscheid-zum-berliner-flughafen-airlines-sind-gespalten-in-der-tegel-frage\/19685550.html\">https:\/\/www.tagesspiegel.de\/wirtschaft\/volksentscheid-zum-berliner-<\/a><a href=\"https:\/\/www.tagesspiegel.de\/wirtschaft\/volksentscheid-zum-berliner-flughafen-airlines-sind-gespalten-in-der-tegel-frage\/19685550.html\">flughafen-airlines-sind-gespalten-in-der-tegel-frage\/19685550.html<\/a><\/p>\n<p><a href=\"https:\/\/www.frontier-economics.com\/de\/documents\/2017\/06\/tegel-offen-halten.pdf\">https:\/\/www.frontier-economics.com\/de\/documents\/2017\/06\/tegel-offen-halten.pdf<\/a>\u00a0 <a href=\"https:\/\/www.morgenpost.de\/flughafen-BER\/article208707665\/Airlines-warnen-vor-Provinzflughafen-BER.html\">https:\/\/www.morgenpost.de\/flughafen-BER\/article208707665\/Airlines-warnen-vor-Provinzflughafen-BER.html<\/a><\/p>\n<p><a href=\"https:\/\/www.morgenpost.de\/berlin\/article214302635\/Hohe-Kosten-in-Tegel-schmaelern-Easyjet-Ergebnis.html\">https:\/\/www.morgenpost.de\/berlin\/article214302635\/Hohe-Kosten-in-Tegel-schmaelern-Easyjet-Ergebnis.html<\/a><\/p>\n<p><a href=\"http:\/\/www.maz-online.de\/Nachrichten\/Berlin\/Easyjet-in-Tegel-mit-Startschwierigkeiten\">http:\/\/www.maz-online.de\/Nachrichten\/Berlin\/Easyjet-in-Tegel-mit-Startschwierigkeiten<\/a><\/p>\n<p><a href=\"https:\/\/www.berliner-zeitung.de\/berlin\/ber-als-internationales-drehkreuz-ryanair-und-easyjet-reichen-nicht-29296656\">https:\/\/www.berliner-zeitung.de\/berlin\/ber-als-internationales-drehkreuz-ryanair-und-easyjet-reichen-nicht-29296656<\/a><\/p>\n<p><a href=\"https:\/\/flug.check24.de\/news\/ber-eroeffnung-airlines-fordern-verbesserungen-in-tegel-55257\">https:\/\/flug.check24.de\/news\/ber-eroeffnung-airlines-fordern-verbesserungen-in-tegel-55257<\/a><\/p>\n<p><a href=\"http:\/\/www.dw.com\/de\/air-berlin-eine-geschichte-des-scheiterns\/a-40640169\">http:\/\/www.dw.com\/de\/air-berlin-eine-geschichte-des-scheiterns\/a-40640169<\/a><\/p>\n<p><a href=\"https:\/\/www.n-tv.de\/wirtschaft\/Lufthansa-wuerde-Tegel-treu-bleiben-article19902795.html\">https:\/\/www.n-tv.de\/wirtschaft\/Lufthansa-wuerde-Tegel-treu-bleiben-article19902795.html<\/a><\/p>\n<p><a href=\"https:\/\/www.pressreader.com\/germany\/der-tagesspiegel\/20170418\/281865823344466\">https:\/\/www.pressreader.com\/germany\/der-tagesspiegel\/20170418\/281865823344466<\/a><\/p>\n<p><a href=\"http:\/\/www.berlin-airport.de\/de\/presse\/presseinformationen\/mitteilungen-archiv\/2018\/2018-03-23-sommerflugplan-2018\/index.php\">http:\/\/www.berlin-airport.de\/de\/presse\/presseinformationen\/mitteilungen-archiv\/2018\/2018-03-23-sommerflugplan-2018\/index.php<\/a><\/p>\n<p><a href=\"http:\/\/www.maz-online.de\/Brandenburg\/Tegel-spaltet-die-Gemueter\">http:\/\/www.maz-online.de\/Brandenburg\/Tegel-spaltet-die-Gemueter<\/a><\/p>\n<p><a href=\"https:\/\/mwe.brandenburg.de\/sixcms\/detail.php\/bb1.c.343475.de\">https:\/\/mwe.brandenburg.de\/sixcms\/detail.php\/bb1.c.343475.de<\/a><\/p>\n<p><a href=\"https:\/\/www.ihk-berlin.de\/politische-positionen-und-statistiken_channel\/Stadtentwicklung\/Verkehrsknoten_Berlin\/Flughafen-BER\/3459874\">https:\/\/www.ihk-berlin.de\/politische-positionen-und-statistiken_channel\/Stadtentwicklung\/Verkehrsknoten_Berlin\/Flughafen-BER\/3459874<\/a><\/p>\n<p><a href=\"https:\/\/www.lh-travelguide.com\/de\/de\/berlin\/txl\/\">https:\/\/www.lh-travelguide.com\/de\/de\/berlin\/txl\/<\/a><\/p>\n<p><a href=\"https:\/\/www.wahlen-berlin.de\/wahlen\/BU2017\/afspraes\/ve\/index.html\">https:\/\/www.wahlen-berlin.de\/wahlen\/BU2017\/afspraes\/ve\/index.html<\/a><\/p>\n<p><a href=\"https:\/\/www.morgenpost.de\/flughafen-BER\/article212316929\/Lufthansa-BER-wird-kein-Drehkreuz.html\">https:\/\/www.morgenpost.de\/flughafen-BER\/article212316929\/Lufthansa-BER-wird-kein-Drehkreuz.html<\/a><\/p>\n<p><a href=\"https:\/\/www.welt.de\/regionales\/berlin\/article175361814\/Condor-fliegt-nicht-mehr-nach-Berlin.html\">https:\/\/www.welt.de\/regionales\/berlin\/article175361814\/Condor-fliegt-nicht-mehr-nach-Berlin.html<\/a><\/p>\n<p><a href=\"http:\/\/www.airliners.de\/ber-drehkreuz-air-berlin-lufthansa-hauptstadtflughafen\/41425\">http:\/\/www.airliners.de\/ber-drehkreuz-air-berlin-lufthansa-hauptstadtflughafen\/41425<\/a><\/p>\n<p><a href=\"https:\/\/www.wiwo.de\/unternehmen\/dienstleister\/flughafen-ranking-2016-das-sind-deutschlands-beste-flughaefen\/14640398.html\">https:\/\/www.wiwo.de\/unternehmen\/dienstleister\/flughafen-ranking-2016-das-sind-deutschlands-beste-flughaefen\/14640398.html<\/a><\/p>\n<\/details>\n<details open=\"\">\n<summary><b>Infografik<\/b><\/summary>\n<p><a href=\"https:\/\/infogram.com\/app\/#\/library\">https:\/\/infogram.com\/app\/#\/library<\/a><\/p>\n","protected":false},"excerpt":{"rendered":"<p>Am 24.09.2017 fand der Volksentscheid zur Abstimmung \u00fcber die Zukunft Tegels statt. 56,4% und somit die Mehrheit der B\u00fcrger stimmte f\u00fcr eine Offenhaltung, doch auch der Anteil der Gegenstimmen war enorm. Die Hauptgr\u00fcnde der Gegner sind offensichtlich: Flugl\u00e4rm, von dem nach Berechnung der Umweltverwaltung rund 300.000 Menschen betroffen sind, Kosten f\u00fcr Sanierung und Umweltschutz. Fluggesellschaften &hellip; <a href=\"https:\/\/blogs.fu-berlin.de\/ber\/2018\/06\/15\/flughafen-berlin-brandenburg-never-ending-story\/\" class=\"more-link\"><span class=\"screen-reader-text\">\u201eFlughafen Berlin Brandenburg \u2013 never ending story\u201c<\/span> weiterlesen<\/a><\/p>\n","protected":false},"author":3328,"featured_media":0,"comment_status":"open","ping_status":"open","sticky":false,"template":"","format":"standard","meta":{"footnotes":""},"categories":[222223],"tags":[222370,222223,222599],"class_list":["post-57","post","type-post","status-publish","format-standard","hentry","category-fluggesellschaften","tag-ber","tag-fluggesellschaften","tag-volksabstimmung"],"_links":{"self":[{"href":"https:\/\/blogs.fu-berlin.de\/ber\/wp-json\/wp\/v2\/posts\/57","targetHints":{"allow":["GET"]}}],"collection":[{"href":"https:\/\/blogs.fu-berlin.de\/ber\/wp-json\/wp\/v2\/posts"}],"about":[{"href":"https:\/\/blogs.fu-berlin.de\/ber\/wp-json\/wp\/v2\/types\/post"}],"author":[{"embeddable":true,"href":"https:\/\/blogs.fu-berlin.de\/ber\/wp-json\/wp\/v2\/users\/3328"}],"replies":[{"embeddable":true,"href":"https:\/\/blogs.fu-berlin.de\/ber\/wp-json\/wp\/v2\/comments?post=57"}],"version-history":[{"count":16,"href":"https:\/\/blogs.fu-berlin.de\/ber\/wp-json\/wp\/v2\/posts\/57\/revisions"}],"predecessor-version":[{"id":742,"href":"https:\/\/blogs.fu-berlin.de\/ber\/wp-json\/wp\/v2\/posts\/57\/revisions\/742"}],"wp:attachment":[{"href":"https:\/\/blogs.fu-berlin.de\/ber\/wp-json\/wp\/v2\/media?parent=57"}],"wp:term":[{"taxonomy":"category","embeddable":true,"href":"https:\/\/blogs.fu-berlin.de\/ber\/wp-json\/wp\/v2\/categories?post=57"},{"taxonomy":"post_tag","embeddable":true,"href":"https:\/\/blogs.fu-berlin.de\/ber\/wp-json\/wp\/v2\/tags?post=57"}],"curies":[{"name":"wp","href":"https:\/\/api.w.org\/{rel}","templated":true}]}}