{"id":67,"date":"2018-06-07T18:00:34","date_gmt":"2018-06-07T16:00:34","guid":{"rendered":"https:\/\/blogs.fu-berlin.de\/ber\/?p=67"},"modified":"2018-06-12T17:15:33","modified_gmt":"2018-06-12T15:15:33","slug":"pleiten-pech-und-pannen-die-hauptstadt-und-ihr-flughafen","status":"publish","type":"post","link":"https:\/\/blogs.fu-berlin.de\/ber\/2018\/06\/07\/pleiten-pech-und-pannen-die-hauptstadt-und-ihr-flughafen\/","title":{"rendered":"Pleiten, Pech und Pannen: die Hauptstadt und ihr Flughafen."},"content":{"rendered":"<p style=\"text-align: left\"><strong>Wer aktuell in die S9 Richtung S\u00fcden steigt, wird auf dem letzten Abschnitt der Strecke wohl ziemlich alleine bleiben.<\/strong> Seit sieben Jahren ist der Zielbahnhof <em>Flughafen Berlin-Brandenburg<\/em> fertig gestellt. Sechs Mal in der Stunde sollen hier eigentlich tausende Flugg\u00e4ste ihren Weg zum <a href=\"https:\/\/www.morgenpost.de\/flughafen-BER\/article211979093\/Spandau-bekommt-Direktlinie-zum-Flughafen-BER.html\">Airport-Bahnhof<\/a> finden. Dass die S-Bahn diese Strecke seit langer Zeit einzig und allein zum Durchl\u00fcften des unterirdischen Tunnels abf\u00e4hrt und das ganz ohne Fahrg\u00e4ste- f\u00fcr die <a href=\"http:\/\/www.maz-online.de\/Lokales\/Dahme-Spreewald\/Im-nagelneuen-Bahnhof-haelt-kein-Zug\">Medien<\/a> ein gefundenes Fressen.<\/p>\n<p><strong>Die M\u00e4ngelliste ist lang<\/strong><\/p>\n<p style=\"text-align: left\">Bisher ist der BER nur als \u201e<a href=\"https:\/\/www.welt.de\/wirtschaft\/article171071479\/Die-groessten-Peinlichkeiten-aus-einem-Jahrzehnt-BER.html\" target=\"_blank\" rel=\"noopener\">Pannenflughafen<\/a>\u201c bundesweit in aller Munde. Zurecht: Denn das Berliner Gro\u00dfbauprojekt zeichnet sich seit Anbeginn durch Baum\u00e4ngel, explosive Kosten und enorme Zeitverz\u00f6gerungen aus. Selten boten die Massenmedien solch umfangreiche Aufkl\u00e4rung \u00fcber Rechts- und Bauvorschriften und deren Nicht-Einhaltung. Auch die aktuellen Behebungsma\u00dfnahmen lassen darauf schlie\u00dfen, dass die Projektbeteiligten noch nicht ausgelernt haben.<br \/>\nIm Monatsrhythmus erscheinen neue prek\u00e4re Details zu vermeintlich behobenen Problemstellen. Die Rede ist von weiteren M\u00e4ngeln wie <a href=\"https:\/\/www.tagesspiegel.de\/berlin\/schoenefeld-wieder-brandschutzprobleme-an-berliner-flughafen\/21214508.html\" target=\"_blank\" rel=\"noopener\">Brandschutzproblemen<\/a>, <a href=\"http:\/\/www.sueddeutsche.de\/wirtschaft\/ber-weiter-maengel-am-hauptstadtflughafen-1.3762645\" target=\"_blank\" rel=\"noopener\">Fehlkonstruktionen<\/a> und <a href=\"https:\/\/www.morgenpost.de\/flughafen-BER\/article213728609\/Schon-veraltet-750-Monitore-am-BER-werden-ausgetauscht.html\" target=\"_blank\" rel=\"noopener\">alter Technik<\/a> .<br \/>\nNeueste Vorf\u00e4lle \u00f6kologischer Art betreffen sogar die naheliegende Fauna. Ein Fischesterben aufgrund der Verunreinigung durch Enteisungsmittel von der Startbahn werfen einen besonders gro\u00dfen Schatten auf das Projekt. Der <a href=\"https:\/\/www.tagesspiegel.de\/berlin\/berlin-schoenefeld-fischesterben-am-flughafen-ber\/21241940.html\" target=\"_blank\" rel=\"noopener\">Tagesspiegel<\/a> witzelt, dass \u201e[&#8230;] am BER nichts unm\u00f6glich&#8220; sei.<\/p>\n<p><!--more--><\/p>\n<p style=\"text-align: left\"><strong>&#8222;Schlicht statt prachtvoll&#8220;<\/strong><\/p>\n<p style=\"text-align: left\">Und doch erscheint eine Sache unm\u00f6glich: die monet\u00e4re Quantifizierung des Flughafen BER. Die Kosten werden in den lokalen und bundesweiten Medien zahlreich diskutiert, denn mittlerweile sind mehr als <a href=\"https:\/\/www.morgenpost.de\/flughafen-BER\/article213527057\/RBB-Weitere-770-Millionen-Euro-fuer-BER-notwendig.html\" target=\"_blank\" rel=\"noopener\">sieben Milliarden Euro<\/a> geflossen. Rechnungen der Finanzstaatssekret\u00e4rin <a href=\"http:\/\/www.spiegel.de\/wirtschaft\/soziales\/flughafen-ber-benoetigt-bis-2030-weitere-drei-milliarden-euro-a-1187378.html\" target=\"_blank\" rel=\"noopener\">Margaretha Sudhof<\/a> f\u00fchren zu Ergebnissen, die \u201ebis 2030 weitere drei Milliarden Euro\u201c aufzeigen. Da jedoch in zwei Jahren der Flugverkehr beginnen soll, setzen die Bauverantwortlichen nun auf effiziente und unkomplizierte Bauma\u00dfnahmen. \u201eSchlicht statt prachtvoll\u201c betitelt die <a href=\"https:\/\/www.berliner-zeitung.de\/berlin\/verkehr\/neues-ber-terminal-schlicht-statt-prachtvoll---bau-kostet-mehr-als-100-millionen-euro-30108620\" target=\"_blank\" rel=\"noopener\">BZ<\/a> die Planung des Terminals 1. Zuk\u00fcnftige Besucher d\u00fcrfen sich demnach auf wenige Fenster und nicht verkleidete Decken einstellen.<\/p>\n<p style=\"text-align: left\"><strong>Die Hoffnung bleibt<\/strong><\/p>\n<p style=\"text-align: left\">Bei all den dominierenden Negativschlagzeilen geraten hoffnungsvollere Nachrichten in den Hintergrund. Immerhin seien 39 der 40 Flughafen-Geb\u00e4ude fertiggestellt, verk\u00fcndet BER- Gesch\u00e4ftsf\u00fchrer <a href=\"http:\/\/www.sueddeutsche.de\/wirtschaft\/berliner-pannenflughafen-der-ber-sieht-irgendwie-fertig-aus-1.3886478\" target=\"_blank\" rel=\"noopener\">L\u00fctke Daldrup<\/a>. Diese geh\u00f6ren zum ersten und bisher einzigen Terminal. L\u00fctke Daldrup blickt optimisch in die Zukunft und f\u00fchrt an: \u201e<a href=\"http:\/\/www.sueddeutsche.de\/wirtschaft\/flughafen-ber-berlin-will-das-desaster-bis-loesen-1.3792260\" target=\"_blank\" rel=\"noopener\">Berlin steht bereit<\/a>\u201c. Auch dass die Deutsche Bahn bereits die Flughafenhaltestelle fest in den Linienplan der S-Bahn-Linien 9 und 45 eingeplant hat, l\u00e4sst eine Er\u00f6ffnung des Hauptstadtflughafens greifbarer erscheinen. Konkrete Pl\u00e4ne f\u00fcr schnellere City-Anbindungen durch einen Ausbau der S2 muten eine ungew\u00f6hnliche Verbindlichkeit an &#8211; fehlte bisher doch dieser weitsichtige Blick in vielen Angelegenheiten rund um die Flughafenplanung.<\/p>\n<figure id=\"attachment_78\" aria-describedby=\"caption-attachment-78\" style=\"width: 300px\" class=\"wp-caption alignnone\"><img loading=\"lazy\" decoding=\"async\" class=\"size-medium wp-image-78\" src=\"https:\/\/blogs.fu-berlin.de\/ber\/files\/2018\/05\/aircraft-3370784_1920-300x176.jpg\" alt=\"\" width=\"300\" height=\"176\" srcset=\"https:\/\/blogs.fu-berlin.de\/ber\/files\/2018\/05\/aircraft-3370784_1920-300x176.jpg 300w, https:\/\/blogs.fu-berlin.de\/ber\/files\/2018\/05\/aircraft-3370784_1920-768x451.jpg 768w, https:\/\/blogs.fu-berlin.de\/ber\/files\/2018\/05\/aircraft-3370784_1920-1024x602.jpg 1024w, https:\/\/blogs.fu-berlin.de\/ber\/files\/2018\/05\/aircraft-3370784_1920-1200x705.jpg 1200w, https:\/\/blogs.fu-berlin.de\/ber\/files\/2018\/05\/aircraft-3370784_1920.jpg 1920w\" sizes=\"auto, (max-width: 300px) 85vw, 300px\" \/><figcaption id=\"caption-attachment-78\" class=\"wp-caption-text\">\u00a9 Sarah Loetscher &#8211; pixabay<\/figcaption><\/figure>\n<p style=\"text-align: left\">Auch nach rund 2.200 Tagen seit der ersten Nicht-Er\u00f6ffnung 2012 bleibt der BER eine der f\u00fchrenden Thematiken in der deutschen Medienlandschaft. Neben aktuellen Tagesberichten, l\u00e4sst sich der Status quo auch auf eigens f\u00fcr das Gro\u00dfprojekt angelegten Blogs verfolgen. Seit 2015 informiert beispielsweise die Berliner Morgenpost ihre Leser auf ihrem Blog \u201eIst der BER schon fertig?\u201c \u00fcber den neusten Stand.<br \/>\nOb die BER-Er\u00f6ffnung zu 2020 stattfinden kann, diese sich hinausz\u00f6gert oder ganz entf\u00e4llt &#8211; das Interesse an Fragen wie diesen ist gro\u00df. \u00dcber 56.000 User haben auf dem Blog der Berliner Morgenpost \u00fcber den Er\u00f6ffnungstermin abgestimmt, wobei \u00fcber 8.000 Teilnehmer diesen sp\u00e4ter als 2020 erwarten. 14.000 User sind indes weit weniger optimistisch: sie gehen davon aus, dass der Flughafen nie er\u00f6ffnen wird.<\/p>\n<p style=\"text-align: left\"><strong>Kein Ende in Sicht<\/strong><\/p>\n<p style=\"text-align: left\">Nicht zuletzt stehen seit dem Beginn der Flughafenplanung andauernde Analysen und Argumentationen f\u00fcr bzw. gegen einen Abriss der Anlage im Rampenlicht der Medien. Aber noch ist alles ungewiss, denn bis jetzt ist keine finale Entscheidung in der Angelegenheit <em>Flughafen Berlin-Brandenburg<\/em> gefallen.<\/p>\n<p>Dieser Beitrag wurde verfasst von Rika Marie Ghulam und Lisa-Marie Gaschler.<\/p>\n","protected":false},"excerpt":{"rendered":"<p>Wer aktuell in die S9 Richtung S\u00fcden steigt, wird auf dem letzten Abschnitt der Strecke wohl ziemlich alleine bleiben. Seit sieben Jahren ist der Zielbahnhof Flughafen Berlin-Brandenburg fertig gestellt. Sechs Mal in der Stunde sollen hier eigentlich tausende Flugg\u00e4ste ihren Weg zum Airport-Bahnhof finden. Dass die S-Bahn diese Strecke seit langer Zeit einzig und allein &hellip; <a href=\"https:\/\/blogs.fu-berlin.de\/ber\/2018\/06\/07\/pleiten-pech-und-pannen-die-hauptstadt-und-ihr-flughafen\/\" class=\"more-link\"><span class=\"screen-reader-text\">\u201ePleiten, Pech und Pannen: die Hauptstadt und ihr Flughafen.\u201c<\/span> weiterlesen<\/a><\/p>\n","protected":false},"author":3328,"featured_media":72,"comment_status":"open","ping_status":"open","sticky":false,"template":"","format":"standard","meta":{"footnotes":""},"categories":[221909,221757],"tags":[222370,222940,223243,542,223499],"class_list":["post-67","post","type-post","status-publish","format-standard","has-post-thumbnail","hentry","category-bundesweite-medien","category-lokale-medien","tag-ber","tag-berlin-brandenburg-flughafen","tag-hauptstadt","tag-medien","tag-pannenflughafen"],"_links":{"self":[{"href":"https:\/\/blogs.fu-berlin.de\/ber\/wp-json\/wp\/v2\/posts\/67","targetHints":{"allow":["GET"]}}],"collection":[{"href":"https:\/\/blogs.fu-berlin.de\/ber\/wp-json\/wp\/v2\/posts"}],"about":[{"href":"https:\/\/blogs.fu-berlin.de\/ber\/wp-json\/wp\/v2\/types\/post"}],"author":[{"embeddable":true,"href":"https:\/\/blogs.fu-berlin.de\/ber\/wp-json\/wp\/v2\/users\/3328"}],"replies":[{"embeddable":true,"href":"https:\/\/blogs.fu-berlin.de\/ber\/wp-json\/wp\/v2\/comments?post=67"}],"version-history":[{"count":12,"href":"https:\/\/blogs.fu-berlin.de\/ber\/wp-json\/wp\/v2\/posts\/67\/revisions"}],"predecessor-version":[{"id":548,"href":"https:\/\/blogs.fu-berlin.de\/ber\/wp-json\/wp\/v2\/posts\/67\/revisions\/548"}],"wp:featuredmedia":[{"embeddable":true,"href":"https:\/\/blogs.fu-berlin.de\/ber\/wp-json\/wp\/v2\/media\/72"}],"wp:attachment":[{"href":"https:\/\/blogs.fu-berlin.de\/ber\/wp-json\/wp\/v2\/media?parent=67"}],"wp:term":[{"taxonomy":"category","embeddable":true,"href":"https:\/\/blogs.fu-berlin.de\/ber\/wp-json\/wp\/v2\/categories?post=67"},{"taxonomy":"post_tag","embeddable":true,"href":"https:\/\/blogs.fu-berlin.de\/ber\/wp-json\/wp\/v2\/tags?post=67"}],"curies":[{"name":"wp","href":"https:\/\/api.w.org\/{rel}","templated":true}]}}