{"id":889,"date":"2018-06-29T09:00:02","date_gmt":"2018-06-29T07:00:02","guid":{"rendered":"https:\/\/blogs.fu-berlin.de\/ber\/?p=889"},"modified":"2018-06-29T17:33:05","modified_gmt":"2018-06-29T15:33:05","slug":"die-wirtschaftliche-bedeutung-des-flughafens-ber-fuer-die-luftfahrtindustrie","status":"publish","type":"post","link":"https:\/\/blogs.fu-berlin.de\/ber\/2018\/06\/29\/die-wirtschaftliche-bedeutung-des-flughafens-ber-fuer-die-luftfahrtindustrie\/","title":{"rendered":"Die wirtschaftliche Bedeutung des Flughafens BER f\u00fcr die Luftfahrtindustrie (Teil I)"},"content":{"rendered":"<p>Der Flughafen Berlin Brandenburg (BER) sollte f\u00fcr die Politik der L\u00e4nder Berlin und Brandenburg ein <a href=\"http:\/\/www.spiegel.de\/reise\/aktuell\/berliner-flughafen-kosten-fuer-terminal-verdoppeln-sich-a-834296.html\">Prestigeprojekt<\/a> werden &#8211; ein Flughafen, der deutschlandweit einzigartig ist. So wurde der BER auch als \u201e<a href=\"https:\/\/www.bz-berlin.de\/artikel-archiv\/air-berlin-wirbt-fuer-den-flughafen-ber\">der modernste Flughafen Europas<\/a>\u201c beworben. Heute ist diesem Projekt jedoch durch die massiven technischen wie baulichen M\u00e4ngel sowie den daraus resultierenden mehrmaligen Verschiebungen des Er\u00f6ffnungstermins kein Prestige mehr beizumessen. Fraglich bleibt jedoch zun\u00e4chst, wie die neben den L\u00e4ndern wichtigen Stakeholder, die Fluggesellschaften, zum Standort Berlin und zum k\u00fcnftigen Flughafen BER stehen. Bis dato zeigte sich der BER f\u00fcr die Manager des Flughafens und beteiligte Politiker gleicherma\u00dfen als Aufgabe an der man sich geh\u00f6rig \u201edie Finger verbrennen kann\u201c, wie bereits einige prominente Beispiele gezeigt haben. Anzuf\u00fchren sind hier insbesondere der ehemalige Deutsche Bahn AG-Vorstand Hartmut Mehdorn sowie ein Architekt des BER, Meinhard von Gerkan.<\/p>\n<figure id=\"attachment_890\" aria-describedby=\"caption-attachment-890\" style=\"width: 300px\" class=\"wp-caption aligncenter\"><img loading=\"lazy\" decoding=\"async\" class=\"wp-image-890 size-medium\" src=\"https:\/\/blogs.fu-berlin.de\/ber\/files\/2018\/06\/bild1-300x225.png\" alt=\"\" width=\"300\" height=\"225\" srcset=\"https:\/\/blogs.fu-berlin.de\/ber\/files\/2018\/06\/bild1-300x225.png 300w, https:\/\/blogs.fu-berlin.de\/ber\/files\/2018\/06\/bild1-768x576.png 768w, https:\/\/blogs.fu-berlin.de\/ber\/files\/2018\/06\/bild1.png 802w\" sizes=\"auto, (max-width: 300px) 85vw, 300px\" \/><figcaption id=\"caption-attachment-890\" class=\"wp-caption-text\">Hartmut Mehdorn &#8211; ehemaliger Vorsitzender der Gesch\u00e4ftsf\u00fchrung des BER<\/figcaption><\/figure>\n<p>Insofern verwundert es nicht, dass sich die Fluggesellschaften aufgrund der anhaltenden Unsicherheit nicht eindeutig \u00f6ffentlich Stellung pro BER beziehen, sondern sich eher bedeckt halten. Au\u00dfer der mittlerweile insolventen Fluggesellschaft Air Berlin <a href=\"https:\/\/www.morgenpost.de\/berlin\/article211607143\/Was-die-Insolvenz-von-Air-Berlin-fuer-den-BER-bedeutet.html\">positionierte<\/a> sich keine Fluggesellschaft klar zum BER. Vielmehr wurde der Flughafen Berlin-Tegel \u00f6ffentlich unterst\u00fctzt. Dies zeigt sich unter anderem am Engagement Ryanairs beim Volksentscheid \u00fcber die Offenhaltung, den Investitionen easyJets in Berlin-Tegel und nicht zuletzt durch eine Aussage des Lufthansa Vorstands Thorsten Dirks: \u201e<a href=\"https:\/\/www.morgenpost.de\/berlin\/article213750609\/Lufthansa-Vorstand-prognostiziert-BER-wird-abgerissen.html\">Meine Prognose ist: Das Ding wird abgerissen und neu gebaut.<\/a>\u201c<br \/>\nRyanair hatte im Zuge der Volksabstimmung zum Verbleib des Flughafens Tegel am 24.09.2017 eine <a href=\"https:\/\/www.tagesspiegel.de\/berlin\/volksentscheid-zum-flughafen-tegel-ryanair-zahlte-30-000-euro-fuer-tegel-kampagne\/20356182.html\">Kampagne mit der FDP<\/a> gestartet und f\u00fcr Plakate 30.000\u20ac bereitgestellt. Ryanair fliegt seit Juni 2018 neben Berlin Sch\u00f6nefeld auch vom <a href=\"https:\/\/www.morgenpost.de\/berlin\/article213555773\/Ryanair-fliegt-ab-Sommer-auch-vom-Flughafen-Tegel.html\">Flughafen Tegel<\/a>. Ebenso macht sich easyJet durch Investments in die \u00dcbernahme von Maschinen, Personal und Slots von Air Berlin weiter stark in Tegel. Das Unternehmen betont, dass Berlin-Tegel der <a href=\"http:\/\/www.airliners.de\/easyjet-berlin-tegel-sommerflugplan-worldwide\/44236\">zweitgr\u00f6\u00dfte Standort<\/a> von easyJet werden soll.<\/p>\n<figure id=\"attachment_891\" aria-describedby=\"caption-attachment-891\" style=\"width: 300px\" class=\"wp-caption aligncenter\"><img loading=\"lazy\" decoding=\"async\" class=\"wp-image-891 size-medium\" src=\"https:\/\/blogs.fu-berlin.de\/ber\/files\/2018\/06\/bild2-300x201.png\" alt=\"\" width=\"300\" height=\"201\" srcset=\"https:\/\/blogs.fu-berlin.de\/ber\/files\/2018\/06\/bild2-300x201.png 300w, https:\/\/blogs.fu-berlin.de\/ber\/files\/2018\/06\/bild2-768x515.png 768w, https:\/\/blogs.fu-berlin.de\/ber\/files\/2018\/06\/bild2.png 854w\" sizes=\"auto, (max-width: 300px) 85vw, 300px\" \/><figcaption id=\"caption-attachment-891\" class=\"wp-caption-text\">Flughafen Berlin Tegel<\/figcaption><\/figure>\n<p>Die gr\u00f6\u00dften Fluggesellschaften des Luftfahrtstandorts Berlin sind die Lufthansa (inkl. der Tochterunternehmen Germanwings und Eurowings), Condor, Ryanair und easyJet. Bis zur Insolvenz Ende des Jahres 2017 z\u00e4hlte auch Air Berlin dazu.<br \/>\nDoch welche Bedeutung hat der Standort Berlin und k\u00fcnftig der BER f\u00fcr die deutsche Luftfahrt? Betrachten wir zun\u00e4chst die Fluggastzahlen f\u00fcr Deutschland und seine gr\u00f6\u00dften Flugh\u00e4fen. Im Jahre 2016 wurden in Deutschland 223 Millionen Flugg\u00e4ste bef\u00f6rdert. Die nach Fluggastzahlen gr\u00f6\u00dften Flugh\u00e4fen Deutschlands sind absteigend der Flughafen Frankfurt mit 60,7 Mio. Passagieren, der Flughafen M\u00fcnchen mit 42,2 Mio. Passagieren und, bei gemeinsamer Betrachtung von Berlin-Tegel und Berlin Sch\u00f6nefeld, die Berliner Flugh\u00e4fen mit 33,3 Mio. Flugreisenden. Der Flughafenstandort Berlin fertigt somit knapp 15% des gesamten deutschen Passagieraufkommens ab. F\u00fcr eine Beurteilung des Potenzials ist ebenso das Wachstum der Fluggastzahlen in Berlin bedeutend. Im Vergleich zum Vorjahr sind die Zahlen 2015 um 5,54 Prozent gestiegen, 2016 um 11,43 Prozent und 2017 nochmals um 1,27 Prozent. <a href=\"https:\/\/www.tagesspiegel.de\/berlin\/flughafen-berlin-brandenburg-platz-und-zeitnot-am-ber-wird-es-eng-und-enger\/22587052.html\">Prognosen<\/a> gehen von einer Steigerung der j\u00e4hrlichen Fluggastzahlen auf 47 Mio. in Berlin bis 2030 aus.<br \/>\nInsofern weist der Standort Berlin f\u00fcr die Fluggesellschaften strategisch wichtige Wachstumschancen auf, die es in einem eng umk\u00e4mpften Markt zu nutzen gilt. Insbesondere das stark wachsende Gesch\u00e4ft der Low-Cost-Carrier, allen voran Ryanair und easyJet, d\u00fcrfte von weiteren Kapazit\u00e4ten am BER profitieren. Die Schlie\u00dfung des Flughafens Tegel scheint trotz des Volksentscheids, bei dem sich die Mehrheit der Berlinerinnen und Berliner sich f\u00fcr eine Offenhaltung ausgesprochen haben, bereits beschlossene Sache zu sein und es ist von einem einzigen \u201eHauptstadtflughafen\u201c auszugehen. Wann, und \u00fcberhaupt ob, dies der BER sein wird? Das wird die Zukunft zeigen.<\/p>\n<figure id=\"attachment_892\" aria-describedby=\"caption-attachment-892\" style=\"width: 300px\" class=\"wp-caption alignright\"><img loading=\"lazy\" decoding=\"async\" class=\"wp-image-892 size-medium\" src=\"https:\/\/blogs.fu-berlin.de\/ber\/files\/2018\/06\/bild3-300x169.png\" alt=\"\" width=\"300\" height=\"169\" srcset=\"https:\/\/blogs.fu-berlin.de\/ber\/files\/2018\/06\/bild3-300x169.png 300w, https:\/\/blogs.fu-berlin.de\/ber\/files\/2018\/06\/bild3-768x432.png 768w, https:\/\/blogs.fu-berlin.de\/ber\/files\/2018\/06\/bild3.png 856w\" sizes=\"auto, (max-width: 300px) 85vw, 300px\" \/><figcaption id=\"caption-attachment-892\" class=\"wp-caption-text\">Ankunft des letzten Air Berlin Fluges in Berlin-Tegel<\/figcaption><\/figure>\n<p>Zur weiteren Beurteilung des BER aus der Perspektive von Fluggesellschaften haben wir ein Interview mit Klaus Marx, dem Regional Station Manager Germany von Air France-KLM, gef\u00fchrt. Mehr dazu, wie er den Status Quo der Berliner Flugh\u00e4fen, den BER und insbesondere die Einbindung von Airlines in Planungsprozesse einsch\u00e4tzt, k\u00f6nnt ihr in den kommenden Blogbeitr\u00e4gen zum Interview lesen!<\/p>\n<p>Tags: Air Berlin, easyJet, Lufthansa, Condor, Tegel, Ryanair, BER<\/p>\n","protected":false},"excerpt":{"rendered":"<p>Der Flughafen Berlin Brandenburg (BER) sollte f\u00fcr die Politik der L\u00e4nder Berlin und Brandenburg ein Prestigeprojekt werden &#8211; ein Flughafen, der deutschlandweit einzigartig ist. So wurde der BER auch als \u201eder modernste Flughafen Europas\u201c beworben. Heute ist diesem Projekt jedoch durch die massiven technischen wie baulichen M\u00e4ngel sowie den daraus resultierenden mehrmaligen Verschiebungen des Er\u00f6ffnungstermins &hellip; <a href=\"https:\/\/blogs.fu-berlin.de\/ber\/2018\/06\/29\/die-wirtschaftliche-bedeutung-des-flughafens-ber-fuer-die-luftfahrtindustrie\/\" class=\"more-link\"><span class=\"screen-reader-text\">\u201eDie wirtschaftliche Bedeutung des Flughafens BER f\u00fcr die Luftfahrtindustrie (Teil I)\u201c<\/span> weiterlesen<\/a><\/p>\n","protected":false},"author":3328,"featured_media":0,"comment_status":"open","ping_status":"open","sticky":false,"template":"","format":"standard","meta":{"footnotes":""},"categories":[222223],"tags":[222370,222940,222223,223243,225078,223499,230265],"class_list":["post-889","post","type-post","status-publish","format-standard","hentry","category-fluggesellschaften","tag-ber","tag-berlin-brandenburg-flughafen","tag-fluggesellschaften","tag-hauptstadt","tag-lufthansa","tag-pannenflughafen","tag-standort-ber"],"_links":{"self":[{"href":"https:\/\/blogs.fu-berlin.de\/ber\/wp-json\/wp\/v2\/posts\/889","targetHints":{"allow":["GET"]}}],"collection":[{"href":"https:\/\/blogs.fu-berlin.de\/ber\/wp-json\/wp\/v2\/posts"}],"about":[{"href":"https:\/\/blogs.fu-berlin.de\/ber\/wp-json\/wp\/v2\/types\/post"}],"author":[{"embeddable":true,"href":"https:\/\/blogs.fu-berlin.de\/ber\/wp-json\/wp\/v2\/users\/3328"}],"replies":[{"embeddable":true,"href":"https:\/\/blogs.fu-berlin.de\/ber\/wp-json\/wp\/v2\/comments?post=889"}],"version-history":[{"count":2,"href":"https:\/\/blogs.fu-berlin.de\/ber\/wp-json\/wp\/v2\/posts\/889\/revisions"}],"predecessor-version":[{"id":895,"href":"https:\/\/blogs.fu-berlin.de\/ber\/wp-json\/wp\/v2\/posts\/889\/revisions\/895"}],"wp:attachment":[{"href":"https:\/\/blogs.fu-berlin.de\/ber\/wp-json\/wp\/v2\/media?parent=889"}],"wp:term":[{"taxonomy":"category","embeddable":true,"href":"https:\/\/blogs.fu-berlin.de\/ber\/wp-json\/wp\/v2\/categories?post=889"},{"taxonomy":"post_tag","embeddable":true,"href":"https:\/\/blogs.fu-berlin.de\/ber\/wp-json\/wp\/v2\/tags?post=889"}],"curies":[{"name":"wp","href":"https:\/\/api.w.org\/{rel}","templated":true}]}}