{"id":178,"date":"2024-12-19T23:49:08","date_gmt":"2024-12-19T22:49:08","guid":{"rendered":"https:\/\/blogs.fu-berlin.de\/berlinerstrassenzeilen\/?p=178"},"modified":"2024-12-28T22:49:33","modified_gmt":"2024-12-28T21:49:33","slug":"podcast-und-literatur","status":"publish","type":"post","link":"https:\/\/blogs.fu-berlin.de\/berlinerstrassenzeilen\/2024\/12\/19\/podcast-und-literatur\/","title":{"rendered":"Podcast und Literatur"},"content":{"rendered":"\n<p>Seit einem Jahr etwa schreibe ich an diesem Podcast; denke ich dar\u00fcber nach, wie man Literatur und Berlin zusammendenken kann, assoziieren kann. Wie man jenes rasant veraltende Medium &#8211; die Literatur &#8211; f\u00fcr die Jetzt-Zeit retten kann, es f\u00fcr die &#8211; ach so fluiden! &#8211;  aktuellen Vorstellungswelten interessant machen kann. Da f\u00fchrt kein Weg am Podcast vorbei, habe ich mir gedacht. Aber w\u00e4hrend ich gemeinsam mit meinem Musik-Designer dieses Ziel verfolge, werden wir bei der Arbeit immer auch von dem Zweifel beschlichen, ob wir durch das technische Medium des Podcast jenes Medium, um das es uns geht &#8211; die Literatur eben &#8211; nicht erst recht begraben, nur noch \u00fcberfl\u00fcssiger machen &#8230; ob wir nicht aus unserem Herzen eine M\u00f6rdergrube machen&#8230;<\/p>\n","protected":false},"excerpt":{"rendered":"<p>Seit einem Jahr etwa schreibe ich an diesem Podcast; denke ich dar\u00fcber nach, wie man Literatur und Berlin zusammendenken kann, assoziieren kann. Wie man jenes rasant veraltende Medium &#8211; die Literatur &#8211; f\u00fcr die Jetzt-Zeit retten kann, es f\u00fcr die &#8211; ach so fluiden! &#8211; aktuellen Vorstellungswelten interessant machen kann. Da f\u00fchrt kein Weg am &hellip; <a href=\"https:\/\/blogs.fu-berlin.de\/berlinerstrassenzeilen\/2024\/12\/19\/podcast-und-literatur\/\" class=\"more-link\"><span class=\"screen-reader-text\">\u201ePodcast und Literatur\u201c<\/span> weiterlesen<\/a><\/p>\n","protected":false},"author":8265,"featured_media":0,"comment_status":"open","ping_status":"open","sticky":false,"template":"","format":"standard","meta":{"footnotes":""},"categories":[9,609802],"tags":[79,17137,609700],"class_list":["post-178","post","type-post","status-publish","format-standard","hentry","category-allgemein","category-literatur-im-zeitalter-ihrer-technischen-obsoleszierung","tag-berlin","tag-schreiben","tag-zeitgeist"],"_links":{"self":[{"href":"https:\/\/blogs.fu-berlin.de\/berlinerstrassenzeilen\/wp-json\/wp\/v2\/posts\/178","targetHints":{"allow":["GET"]}}],"collection":[{"href":"https:\/\/blogs.fu-berlin.de\/berlinerstrassenzeilen\/wp-json\/wp\/v2\/posts"}],"about":[{"href":"https:\/\/blogs.fu-berlin.de\/berlinerstrassenzeilen\/wp-json\/wp\/v2\/types\/post"}],"author":[{"embeddable":true,"href":"https:\/\/blogs.fu-berlin.de\/berlinerstrassenzeilen\/wp-json\/wp\/v2\/users\/8265"}],"replies":[{"embeddable":true,"href":"https:\/\/blogs.fu-berlin.de\/berlinerstrassenzeilen\/wp-json\/wp\/v2\/comments?post=178"}],"version-history":[{"count":3,"href":"https:\/\/blogs.fu-berlin.de\/berlinerstrassenzeilen\/wp-json\/wp\/v2\/posts\/178\/revisions"}],"predecessor-version":[{"id":184,"href":"https:\/\/blogs.fu-berlin.de\/berlinerstrassenzeilen\/wp-json\/wp\/v2\/posts\/178\/revisions\/184"}],"wp:attachment":[{"href":"https:\/\/blogs.fu-berlin.de\/berlinerstrassenzeilen\/wp-json\/wp\/v2\/media?parent=178"}],"wp:term":[{"taxonomy":"category","embeddable":true,"href":"https:\/\/blogs.fu-berlin.de\/berlinerstrassenzeilen\/wp-json\/wp\/v2\/categories?post=178"},{"taxonomy":"post_tag","embeddable":true,"href":"https:\/\/blogs.fu-berlin.de\/berlinerstrassenzeilen\/wp-json\/wp\/v2\/tags?post=178"}],"curies":[{"name":"wp","href":"https:\/\/api.w.org\/{rel}","templated":true}]}}