{"id":200,"date":"2017-11-06T14:45:02","date_gmt":"2017-11-06T13:45:02","guid":{"rendered":"https:\/\/blogs.fu-berlin.de\/berufsperspektivenlai\/?p=200"},"modified":"2019-07-18T13:12:56","modified_gmt":"2019-07-18T11:12:56","slug":"https-www-fu-berlin-de-sites-career-veranstaltungen-veranstaltungen-zum-berufseinstieg-career-service-veranstaltungen-freiberuflich_arbeiten_sose19-html","status":"publish","type":"post","link":"https:\/\/blogs.fu-berlin.de\/berufsperspektivenlai\/2017\/11\/06\/https-www-fu-berlin-de-sites-career-veranstaltungen-veranstaltungen-zum-berufseinstieg-career-service-veranstaltungen-freiberuflich_arbeiten_sose19-html\/","title":{"rendered":"Freiberuflich arbeiten &#8212; Basiswissen f\u00fcr den Start"},"content":{"rendered":"<p style=\"text-align: left\">Sie haben vor, freiberuflich ins Berufsleben zu starten? Viele Fragen tun sich diesbez\u00fcglich auf. In dieser Veranstaltung erl\u00e4utert eine Expertin aus der Kreativwirtschaft, was Sie f\u00fcr einen guten Anfang wissen sollten.<\/p>\n<p>-Besoders interessant f\u00fcr Studierende und Absolvent*innen der geistes-, kultur-, und sozialwissenschaftlichen F\u00e4cher-<\/p>\n<p>Wann: Dienstag, 24. September 2019 von 10 bis 16 Uhr<\/p>\n<p>Dozentin: <a title=\"Barbara Rauthe-Reichenbach\" href=\"https:\/\/www.fu-berlin.de\/sites\/career\/ueber_uns\/lehrende\/Rauthe_Barbara\/index.html\" target=\"_self\">Barbara Rauthe-Reichenbach<\/a><\/p>\n<p>Anmeldung: <a title=\"Anmeldeformular f\u00fcr diesen Kurs aufrufen\" href=\"https:\/\/www.fu-berlin.de\/sites\/career\/veranstaltungen\/Veranstaltungen-zum-Berufseinstieg\/Career-Service-Veranstaltungen\/freiberuflich_arbeiten_sose19.html#form\">\u2192 Online anmelden<\/a><\/p>\n<p><strong>Inhalte<\/strong><\/p>\n<ul>\n<li>Begriffsbestimmung, Abgrenzung zum Gewerbe, freie Mitarbeit, abh\u00e4ngige Besch\u00e4ftigung<\/li>\n<li>Branchenspezifische Besonderheiten und F\u00f6rderm\u00f6glichkeiten<\/li>\n<li>Konzept und Finanzplan<\/li>\n<li>Soziale Absicherung (u. a. K\u00fcnstlersozialkasse)<\/li>\n<li>Wo gibt es praktische Hilfe und weitere Tipps?<\/li>\n<\/ul>\n<p>&nbsp;<\/p>\n<p>&nbsp;<\/p>\n","protected":false},"excerpt":{"rendered":"<p>Sie haben vor, freiberuflich ins Berufsleben zu starten? Viele Fragen tun sich diesbez\u00fcglich auf. In dieser Veranstaltung erl\u00e4utert eine Expertin aus der Kreativwirtschaft, was Sie f\u00fcr einen guten Anfang wissen sollten. -Besoders interessant f\u00fcr Studierende und Absolvent*innen der geistes-, kultur-, und sozialwissenschaftlichen F\u00e4cher- Wann: Dienstag, 24. September 2019 von 10 bis 16 Uhr Dozentin: Barbara &hellip; <a href=\"https:\/\/blogs.fu-berlin.de\/berufsperspektivenlai\/2017\/11\/06\/https-www-fu-berlin-de-sites-career-veranstaltungen-veranstaltungen-zum-berufseinstieg-career-service-veranstaltungen-freiberuflich_arbeiten_sose19-html\/\" class=\"more-link\"><span class=\"screen-reader-text\">\u201eFreiberuflich arbeiten &#8212; Basiswissen f\u00fcr den Start\u201c<\/span> weiterlesen<\/a><\/p>\n","protected":false},"author":2820,"featured_media":0,"comment_status":"open","ping_status":"open","sticky":false,"template":"","format":"standard","meta":{"footnotes":""},"categories":[9,203426],"tags":[202927],"class_list":["post-200","post","type-post","status-publish","format-standard","hentry","category-allgemein","category-berufspraxis","tag-alltag-berufstaetiger"],"_links":{"self":[{"href":"https:\/\/blogs.fu-berlin.de\/berufsperspektivenlai\/wp-json\/wp\/v2\/posts\/200","targetHints":{"allow":["GET"]}}],"collection":[{"href":"https:\/\/blogs.fu-berlin.de\/berufsperspektivenlai\/wp-json\/wp\/v2\/posts"}],"about":[{"href":"https:\/\/blogs.fu-berlin.de\/berufsperspektivenlai\/wp-json\/wp\/v2\/types\/post"}],"author":[{"embeddable":true,"href":"https:\/\/blogs.fu-berlin.de\/berufsperspektivenlai\/wp-json\/wp\/v2\/users\/2820"}],"replies":[{"embeddable":true,"href":"https:\/\/blogs.fu-berlin.de\/berufsperspektivenlai\/wp-json\/wp\/v2\/comments?post=200"}],"version-history":[{"count":16,"href":"https:\/\/blogs.fu-berlin.de\/berufsperspektivenlai\/wp-json\/wp\/v2\/posts\/200\/revisions"}],"predecessor-version":[{"id":348,"href":"https:\/\/blogs.fu-berlin.de\/berufsperspektivenlai\/wp-json\/wp\/v2\/posts\/200\/revisions\/348"}],"wp:attachment":[{"href":"https:\/\/blogs.fu-berlin.de\/berufsperspektivenlai\/wp-json\/wp\/v2\/media?parent=200"}],"wp:term":[{"taxonomy":"category","embeddable":true,"href":"https:\/\/blogs.fu-berlin.de\/berufsperspektivenlai\/wp-json\/wp\/v2\/categories?post=200"},{"taxonomy":"post_tag","embeddable":true,"href":"https:\/\/blogs.fu-berlin.de\/berufsperspektivenlai\/wp-json\/wp\/v2\/tags?post=200"}],"curies":[{"name":"wp","href":"https:\/\/api.w.org\/{rel}","templated":true}]}}