{"id":89,"date":"2017-10-19T14:47:44","date_gmt":"2017-10-19T12:47:44","guid":{"rendered":"https:\/\/blogs.fu-berlin.de\/berufsperspektivenlai\/?p=89"},"modified":"2019-07-18T13:58:54","modified_gmt":"2019-07-18T11:58:54","slug":"hallo-welt","status":"publish","type":"post","link":"https:\/\/blogs.fu-berlin.de\/berufsperspektivenlai\/2017\/10\/19\/hallo-welt\/","title":{"rendered":"Herzlich Willkommen!  \u00a1Bienvenidxs! Bem-vindxs!"},"content":{"rendered":"<p>vielleicht seid ihr noch im Studium, vielleicht frische Absolvent*innen, habt schon ein Berufsfeld vor Augen oder seid auf der Suche nach Inspiration f\u00fcr die Zeit nach dem Studium? Auf diesem Blog findet ihr Informationen rund um die notorische Frage \u201eUnd was macht man dann damit?!\u201c<\/p>\n<p>Im Sommersemester 2017 sind wir Studierende mit Nina Lawrenz und Constantin Groll dieser Frage im Rahmen des Seminars &#8222;Was kommt nach dem Studium? Einstiegswege in den Beruf f\u00fcr M.A. Studierende Interdisziplin\u00e4re Lateinamerikastudien&#8220; nachgegangen. Gemeinsam haben wir \u00fcberlegt, welche T\u00e4tigkeiten uns interessieren und in welchen Berufen diese zu finden sind, haben recherchiert und referiert, mit Berufst\u00e4tigen hierzu Interviews gef\u00fchrt und schlie\u00dflich mit acht Personen aus diversen Berufsfeldern eine Podiumsdiskussion veranstaltet.<\/p>\n<p>Die Ergebnisse dieser Recherchen und die vielf\u00e4ltigen T\u00e4tigkeiten, die nach Abschluss des Masterstudiums m\u00f6glich sind, haben wir nun f\u00fcr diesen Blog aufbereitet und m\u00f6chten sie so mit anderen Studierenden und Absolvent*innen teilen. Dabei werden f\u00fcnf gro\u00dfe Bereiche unterschieden, die ihr im Men\u00fc unter &#8222;Berufsfelder&#8220; findet und f\u00fcr die wir jeweils beschreiben, worum es da eigentlich geht, welche Anforderungen gestellt werden, wie ihr und wir in diesen Bereich einsteigen k\u00f6nnten, sowie konkrete Zahlen und Fakten bereitstellen. Am Ende jeder Beschreibung f\u00fchren wir Quellen und weiterf\u00fchrende Links und bei einigen auch ein Video an, in dem wir eine berufst\u00e4tige Person aus dem jeweiligen Bereich interviewen. So sprachlich vielf\u00e4ltig wie das Seminar war, werden auch die Beitr\u00e4ge sein &#8211; der Blog h\u00e4lt also Texte auf Deutsch, Spanisch und Portugiesisch bereit.<\/p>\n<p>Wer nach soviel Inspiration in die konkrete Suche einsteigen m\u00f6chte, findet zudem\u00a0<a href=\"https:\/\/www.lai.fu-berlin.de\/studium\/master\/050-Job-_und_Praktikumsboerse\/index.html\">hier<\/a> eine Zusammenfassung von Jobs- und Praktikumsb\u00f6rsen durch das Lateinamerikainstitut.<\/p>\n<p>Viel Spa\u00df beim St\u00f6bern und alles Gute auf euren Berufswegen!<\/p>\n<p>&#8212;&#8212;&#8212;&#8212;&#8212;&#8212;&#8212;&#8212;&#8212;&#8212;&#8212;&#8212;&#8212;&#8212;&#8212;&#8212;-<\/p>\n<p>\u00bfquiz\u00e1s todav\u00eda est\u00e1s estudiando,\u00a0 quiz\u00e1s te acabas de graduar? Tienes ya un campo profesional en mente o est\u00e1s buscando inspiraci\u00f3n para el futuro?\u00a0 En este blog encontrar\u00e1s informaci\u00f3n sobre la famosa pregunta &#8222;Termin\u00e9 mi estudio ..\u00bfY qu\u00e9 hago ahora?<\/p>\n<p>En el semestre de verano del 2017 varixs estudiantes respondieron a la siguiente pregunta durante un seminario &#8222;\u00bfQu\u00e9 viene despu\u00e9s de estudiar? Exploraron los caminos de entrada a la profesi\u00f3n para lxs estudiantes de maestr\u00eda en &#8222;Estudios Latinoamericanos Interdisciplinarios&#8220;. Juntxs consideraron qu\u00e9 actividades ser\u00edan interesantes para lx estudiantes\u00a0 y en qu\u00e9 profesiones se pueden encontrar, investigaron y dictaron conferencias, realizaron entrevistas con profesionales y, finalmente, celebraron una mesa redonda con ocho personas de diversas profesiones.<\/p>\n<p>En este blog secompartir\u00e1n entonces los resultados de esta investigaci\u00f3n y, como consecuencia,se presentar\u00e1n los diferentes caminos que se abren despu\u00e9s de completar el programa de maestr\u00eda.<\/p>\n<p>Se distinguen cinco \u00e1reas que ser\u00e1n explicadas detalladamente en el men\u00fa bajo &#8222;Campos de trabajo&#8220;. Se responden las siguientes preguntas: de qu\u00e9 se trata este \u00e1rea?, cu\u00e1les son los requisitos y c\u00f3mo puedo entrar en este \u00e1rea? Todo esto en base a hechos, datos y cifras concretas. Al final de cada descripci\u00f3n se enumeran las fuentes y otros enlaces y, en algunos casos, se encuentra un video en el que se entrevista a una persona que trabaje en el \u00e1rea correspondiente.<\/p>\n<p>&#8211; El blog tiene textos en alem\u00e1n, espa\u00f1ol y portugu\u00e9s-<\/p>\n<p>Si encontraste la inspiraci\u00f3n que necesitabas y quieres empezar ya con la b\u00fasqueda concreta,\u00a0 encontrar\u00e1s\u00a0 <a href=\"https:\/\/www.lai.fu-berlin.de\/studium\/master\/050-Job-_und_Praktikumsboerse\/index.html\">aqu\u00ed<\/a> un resumen de las ofertas de puestos de trabajo o pasant\u00edas del\u00a0 Instituto de Estudios Latinoamericanos.<\/p>\n<p>Divi\u00e9rtete curioseando y <span class=\"ILfuVd\"><span class=\"e24Kjd\">\u00a1<\/span><\/span>mucho \u00e9xito en tu vida profesional!<\/p>\n<p>&nbsp;<\/p>\n","protected":false},"excerpt":{"rendered":"<p>vielleicht seid ihr noch im Studium, vielleicht frische Absolvent*innen, habt schon ein Berufsfeld vor Augen oder seid auf der Suche nach Inspiration f\u00fcr die Zeit nach dem Studium? Auf diesem Blog findet ihr Informationen rund um die notorische Frage \u201eUnd was macht man dann damit?!\u201c Im Sommersemester 2017 sind wir Studierende mit Nina Lawrenz und &hellip; <a href=\"https:\/\/blogs.fu-berlin.de\/berufsperspektivenlai\/2017\/10\/19\/hallo-welt\/\" class=\"more-link\"><span class=\"screen-reader-text\">\u201eHerzlich Willkommen!  \u00a1Bienvenidxs! Bem-vindxs!\u201c<\/span> weiterlesen<\/a><\/p>\n","protected":false},"author":2677,"featured_media":0,"comment_status":"open","ping_status":"open","sticky":true,"template":"","format":"standard","meta":{"footnotes":""},"categories":[9],"tags":[],"class_list":["post-89","post","type-post","status-publish","format-standard","hentry","category-allgemein"],"_links":{"self":[{"href":"https:\/\/blogs.fu-berlin.de\/berufsperspektivenlai\/wp-json\/wp\/v2\/posts\/89","targetHints":{"allow":["GET"]}}],"collection":[{"href":"https:\/\/blogs.fu-berlin.de\/berufsperspektivenlai\/wp-json\/wp\/v2\/posts"}],"about":[{"href":"https:\/\/blogs.fu-berlin.de\/berufsperspektivenlai\/wp-json\/wp\/v2\/types\/post"}],"author":[{"embeddable":true,"href":"https:\/\/blogs.fu-berlin.de\/berufsperspektivenlai\/wp-json\/wp\/v2\/users\/2677"}],"replies":[{"embeddable":true,"href":"https:\/\/blogs.fu-berlin.de\/berufsperspektivenlai\/wp-json\/wp\/v2\/comments?post=89"}],"version-history":[{"count":19,"href":"https:\/\/blogs.fu-berlin.de\/berufsperspektivenlai\/wp-json\/wp\/v2\/posts\/89\/revisions"}],"predecessor-version":[{"id":355,"href":"https:\/\/blogs.fu-berlin.de\/berufsperspektivenlai\/wp-json\/wp\/v2\/posts\/89\/revisions\/355"}],"wp:attachment":[{"href":"https:\/\/blogs.fu-berlin.de\/berufsperspektivenlai\/wp-json\/wp\/v2\/media?parent=89"}],"wp:term":[{"taxonomy":"category","embeddable":true,"href":"https:\/\/blogs.fu-berlin.de\/berufsperspektivenlai\/wp-json\/wp\/v2\/categories?post=89"},{"taxonomy":"post_tag","embeddable":true,"href":"https:\/\/blogs.fu-berlin.de\/berufsperspektivenlai\/wp-json\/wp\/v2\/tags?post=89"}],"curies":[{"name":"wp","href":"https:\/\/api.w.org\/{rel}","templated":true}]}}