{"id":10186,"date":"2012-01-30T13:38:27","date_gmt":"2012-01-30T12:38:27","guid":{"rendered":"https:\/\/blogs.fu-berlin.de\/bibliotheken\/?p=10186"},"modified":"2021-09-07T14:08:22","modified_gmt":"2021-09-07T13:08:22","slug":"dokumentationszentrum-uneu-schliest-fur-2-tage","status":"publish","type":"post","link":"https:\/\/blogs.fu-berlin.de\/bibliotheken\/2012\/01\/30\/dokumentationszentrum-uneu-schliest-fur-2-tage\/","title":{"rendered":"Dokumentationszentrum Vereinte Nationen &#8211; Europ\u00e4ische Union schlie\u00dft f\u00fcr 4 Tage"},"content":{"rendered":"\n<p><em><span class=\"has-inline-color has-bright-red-color\">Der Betrieb des &#8222;Dokumentationszentrums UN &#8211; EU&#8220; wird eingestellt. Die entsprechende Literatur bleibt im Bestand und ist weiterhin zug\u00e4nglich.<\/span><\/em><\/p>\n\n\n<p>Das Dokumentationszentrum UN-EU  ist vom 1. bis 6. Februar 2012 (einschlie\u00dflich) f\u00fcr die allgemeine Benutzung geschlossen. Das bedeutet, dass der dort aufgestellte Bestand, also Schrifttum von und \u00fcber die beiden Organisationen nicht zug\u00e4nglich sein wird.<br>\nEinzelne B\u00e4nde k\u00f6nnen in dringenden F\u00e4llen zur Benutzung im Lesesaal bereit gestellt werden.<\/p>\n<p>Die Mitarbeiterinnen erreichen Sie an diesen Tagen unter der Nummer (030) 838-56497. Anfragen k\u00f6nnen per E-Mail gestellt werden:  <a href=\"mailto:uneu-dok@ub.fu-berlin.de\">uneu-dok@ub.fu-berlin.de<\/a>. <\/p>\n<p>Die Universit\u00e4tsbibliothek bittet um Verst\u00e4ndnis.<\/p>","protected":false},"excerpt":{"rendered":"<p>Der Betrieb des &#8222;Dokumentationszentrums UN &#8211; EU&#8220; wird eingestellt. Die entsprechende Literatur bleibt im Bestand und ist weiterhin zug\u00e4nglich. Das Dokumentationszentrum UN-EU ist vom 1. bis 6. Februar 2012 (einschlie\u00dflich) f\u00fcr die allgemeine Benutzung geschlossen. Das bedeutet, dass der dort aufgestellte Bestand, also Schrifttum von und \u00fcber die beiden Organisationen nicht zug\u00e4nglich sein wird. Einzelne &hellip; <a href=\"https:\/\/blogs.fu-berlin.de\/bibliotheken\/2012\/01\/30\/dokumentationszentrum-uneu-schliest-fur-2-tage\/\" class=\"more-link\"><span class=\"screen-reader-text\">\u201eDokumentationszentrum Vereinte Nationen &#8211; Europ\u00e4ische Union schlie\u00dft f\u00fcr 4 Tage\u201c<\/span> weiterlesen<\/a><\/p>\n","protected":false},"author":265,"featured_media":0,"comment_status":"open","ping_status":"open","sticky":false,"template":"","format":"standard","meta":{"footnotes":""},"categories":[601],"tags":[2458],"class_list":["post-10186","post","type-post","status-publish","format-standard","hentry","category-universitatsbibliothek","tag-dokumentationszentrum-un-eu"],"_links":{"self":[{"href":"https:\/\/blogs.fu-berlin.de\/bibliotheken\/wp-json\/wp\/v2\/posts\/10186","targetHints":{"allow":["GET"]}}],"collection":[{"href":"https:\/\/blogs.fu-berlin.de\/bibliotheken\/wp-json\/wp\/v2\/posts"}],"about":[{"href":"https:\/\/blogs.fu-berlin.de\/bibliotheken\/wp-json\/wp\/v2\/types\/post"}],"author":[{"embeddable":true,"href":"https:\/\/blogs.fu-berlin.de\/bibliotheken\/wp-json\/wp\/v2\/users\/265"}],"replies":[{"embeddable":true,"href":"https:\/\/blogs.fu-berlin.de\/bibliotheken\/wp-json\/wp\/v2\/comments?post=10186"}],"version-history":[{"count":16,"href":"https:\/\/blogs.fu-berlin.de\/bibliotheken\/wp-json\/wp\/v2\/posts\/10186\/revisions"}],"predecessor-version":[{"id":29032,"href":"https:\/\/blogs.fu-berlin.de\/bibliotheken\/wp-json\/wp\/v2\/posts\/10186\/revisions\/29032"}],"wp:attachment":[{"href":"https:\/\/blogs.fu-berlin.de\/bibliotheken\/wp-json\/wp\/v2\/media?parent=10186"}],"wp:term":[{"taxonomy":"category","embeddable":true,"href":"https:\/\/blogs.fu-berlin.de\/bibliotheken\/wp-json\/wp\/v2\/categories?post=10186"},{"taxonomy":"post_tag","embeddable":true,"href":"https:\/\/blogs.fu-berlin.de\/bibliotheken\/wp-json\/wp\/v2\/tags?post=10186"}],"curies":[{"name":"wp","href":"https:\/\/api.w.org\/{rel}","templated":true}]}}