{"id":10247,"date":"2012-02-01T12:33:34","date_gmt":"2012-02-01T11:33:34","guid":{"rendered":"https:\/\/blogs.fu-berlin.de\/bibliotheken\/?p=10247"},"modified":"2012-02-01T16:11:19","modified_gmt":"2012-02-01T15:11:19","slug":"bibliotheksmitarbeitern-aus-aller-welt-uber-die-schultern-schauen","status":"publish","type":"post","link":"https:\/\/blogs.fu-berlin.de\/bibliotheken\/2012\/02\/01\/bibliotheksmitarbeitern-aus-aller-welt-uber-die-schultern-schauen\/","title":{"rendered":"Bibliotheksmitarbeitern aus aller Welt \u00fcber die Schultern schauen"},"content":{"rendered":"<p><a rel=\"attachment wp-att-10251\" href=\"https:\/\/blogs.fu-berlin.de\/bibliotheken\/2012\/02\/01\/bibliotheksmitarbeitern-aus-aller-welt-uber-die-schultern-schauen\/globe-svg-2\/\"><img loading=\"lazy\" decoding=\"async\" class=\"alignright size-full wp-image-10251\" title=\"globe.svg\" src=\"https:\/\/blogs.fu-berlin.de\/bibliotheken\/files\/2012\/02\/globe.svg_1.png\" alt=\"\" width=\"120\" height=\"120\" align=\"right\" \/><\/a>Womit verbringt ein Bibliotheksmitarbeiter eigentlich seinen Arbeitstag? Sitzen die KollegInnen in den USA, Gro\u00dfbritannien oder Australien auch gerade an der schwierigen Katalogaufnahme eines mehrb\u00e4ndigen Werkes oder Zeitschriftenst\u00fccktitels? Wer gerne wissen m\u00f6chte, was sich auf den Bibliotheksschreibtischen aus aller Welt so an Arbeit tummelt, f\u00fcr den k\u00f6nnte das Projekt \u201e<a href=\"https:\/\/librarydayinthelife.pbworks.com\/w\/page\/16941198\/FrontPage\">Library Day in the Life Project<\/a>\u201c interessant sein.<\/p>\n<p>Zweimal im Jahr sind Bibliotheksmitarbeiter oder \u2013studenten dazu aufgerufen, jeweils eine Woche lang ihren Arbeitsalltag zu dokumentieren &#8211; die aktuelle Auflage findet vom 30. Januar bis 5. Februar 2012 statt. Die Berichterstattung kann im eigenen Blog, \u00fcber <a href=\"https:\/\/twitter.com\/#!\/search\/%23libday8\">Twitter<\/a> oder beispielsweise auch via <a href=\"https:\/\/www.flickr.com\/search\/?q=libday8&amp;f=hp\">Flickr<\/a> erfolgen. Die Beitr\u00e4ge werden mit dem Tag \u201elibday8\u201c gekennzeichnet.<\/p>\n<p>Gegenw\u00e4rtig (Stand: 12:10 Uhr) beteiligen sich an der Aktion <a href=\"https:\/\/librarydayinthelife.pbworks.com\/w\/page\/48173078\/Round%208%2C%20January%2030th%20through%20February%205th%202012\">302 Interessierte<\/a> \u2013 vom \u201eMetadata Librarian\u201c aus London bis hin zum \u201eLiaison and Outreach Librarian\u201c aus Baltimore. Aus Deutschland meldet sich momentan \u201enur\u201c eine <a href=\"https:\/\/bibliotheksratte.wordpress.com\/tag\/libday8\/\">Kollegin aus der Universit\u00e4tsbibliothek Erlangen<\/a> zu Wort, die u. a. von der Teilnahme an \u201eVergn\u00fcgungsaussch\u00fcssen\u201c, der Zahl an katalogisierten Medien pro Tag oder den T\u00fccken des lokalen Bibliothekssystems zu berichten wei\u00df.<\/p>\n<p>Wer aufgrund der fortgeschrittenen Zeit nicht mehr teilnehmen m\u00f6chte &#8211; der n\u00e4chste \u201elibday9\u201c (oder wohl eher \u201elibweek9\u201c) findet voraussichtlich im Juli 2012 statt.<\/p>\n<h6>Bild: <a title=\"User:Augiasstallputzer\" href=\"https:\/\/commons.wikimedia.org\/wiki\/User:Augiasstallputzer\">Augiasstallputzer, <\/a><a title=\"User:Jackl\" href=\"https:\/\/commons.wikimedia.org\/wiki\/User:Jackl\">Jackl, <\/a><a href=\"https:\/\/commons.wikimedia.org\/wiki\/File:Globe.svg?uselang=de\">Fred the Oyster (PD-self)<\/a><\/h6>\n","protected":false},"excerpt":{"rendered":"<p>Womit verbringt ein Bibliotheksmitarbeiter eigentlich seinen Arbeitstag? Sitzen die KollegInnen in den USA, Gro\u00dfbritannien oder Australien auch gerade an der schwierigen Katalogaufnahme eines mehrb\u00e4ndigen Werkes oder Zeitschriftenst\u00fccktitels? Wer gerne wissen m\u00f6chte, was sich auf den Bibliotheksschreibtischen aus aller Welt so an Arbeit tummelt, f\u00fcr den k\u00f6nnte das Projekt \u201eLibrary Day in the Life Project\u201c interessant &hellip; <a href=\"https:\/\/blogs.fu-berlin.de\/bibliotheken\/2012\/02\/01\/bibliotheksmitarbeitern-aus-aller-welt-uber-die-schultern-schauen\/\" class=\"more-link\"><span class=\"screen-reader-text\">\u201eBibliotheksmitarbeitern aus aller Welt \u00fcber die Schultern schauen\u201c<\/span> weiterlesen<\/a><\/p>\n","protected":false},"author":293,"featured_media":0,"comment_status":"open","ping_status":"open","sticky":false,"template":"","format":"standard","meta":{"footnotes":""},"categories":[599,604],"tags":[2905,2906],"class_list":["post-10247","post","type-post","status-publish","format-standard","hentry","category-bibliothekswesen","category-ins-netz-geschaut","tag-libday8","tag-library-day-in-the-life-project"],"_links":{"self":[{"href":"https:\/\/blogs.fu-berlin.de\/bibliotheken\/wp-json\/wp\/v2\/posts\/10247","targetHints":{"allow":["GET"]}}],"collection":[{"href":"https:\/\/blogs.fu-berlin.de\/bibliotheken\/wp-json\/wp\/v2\/posts"}],"about":[{"href":"https:\/\/blogs.fu-berlin.de\/bibliotheken\/wp-json\/wp\/v2\/types\/post"}],"author":[{"embeddable":true,"href":"https:\/\/blogs.fu-berlin.de\/bibliotheken\/wp-json\/wp\/v2\/users\/293"}],"replies":[{"embeddable":true,"href":"https:\/\/blogs.fu-berlin.de\/bibliotheken\/wp-json\/wp\/v2\/comments?post=10247"}],"version-history":[{"count":19,"href":"https:\/\/blogs.fu-berlin.de\/bibliotheken\/wp-json\/wp\/v2\/posts\/10247\/revisions"}],"predecessor-version":[{"id":10271,"href":"https:\/\/blogs.fu-berlin.de\/bibliotheken\/wp-json\/wp\/v2\/posts\/10247\/revisions\/10271"}],"wp:attachment":[{"href":"https:\/\/blogs.fu-berlin.de\/bibliotheken\/wp-json\/wp\/v2\/media?parent=10247"}],"wp:term":[{"taxonomy":"category","embeddable":true,"href":"https:\/\/blogs.fu-berlin.de\/bibliotheken\/wp-json\/wp\/v2\/categories?post=10247"},{"taxonomy":"post_tag","embeddable":true,"href":"https:\/\/blogs.fu-berlin.de\/bibliotheken\/wp-json\/wp\/v2\/tags?post=10247"}],"curies":[{"name":"wp","href":"https:\/\/api.w.org\/{rel}","templated":true}]}}