{"id":10286,"date":"2012-02-07T13:43:36","date_gmt":"2012-02-07T12:43:36","guid":{"rendered":"https:\/\/blogs.fu-berlin.de\/bibliotheken\/?p=10286"},"modified":"2021-09-17T13:04:12","modified_gmt":"2021-09-17T12:04:12","slug":"raumarbeiten-im-zeitschriftenfreihandmagazin-der-ub","status":"publish","type":"post","link":"https:\/\/blogs.fu-berlin.de\/bibliotheken\/2012\/02\/07\/raumarbeiten-im-zeitschriftenfreihandmagazin-der-ub\/","title":{"rendered":"R\u00e4umarbeiten im Zeitschriftenfreihandmagazin der UB"},"content":{"rendered":"\n<p><em><span class=\"has-inline-color has-bright-red-color\">Der Betrieb des \u201eDokumentationszentrums UN \u2013 EU\u201c wird eingestellt. Die entsprechende Literatur bleibt im Bestand und ist weiterhin zug\u00e4nglich.<\/span><\/em><\/p>\n\n\n<p><img loading=\"lazy\" decoding=\"async\" alt=\"\" src=\"https:\/\/www.ub.fu-berlin.de\/image\/neue_homepage\/zfm.jpg\" title=\"Zeitschriftenfreihandmagazin\" class=\"alignright\" width=\"200\" height=\"150\" align=\"right\">Vom 20. bis 23. Februar finden im <a href=\"https:\/\/www.ub.fu-berlin.de\/bibliothek\/zfm\/\">Zeitschriftenfreihandmagazin (ZFM)<\/a> der Universit\u00e4tsbibliothek (UB) R\u00e4umarbeiten statt, die zu Nutzungsbeeintr\u00e4chtigungen  f\u00fchren k\u00f6nnen.<\/p>\n<p>Um Platz zu schaffen, werden einige Zeitschriften in geschlossene Magazinbereiche verlagert. Dabei handelt es sich um Zeitschriften, die wenig ausgeliehen wurden, die bereits seit l\u00e4ngerem abbestellt sind oder die mittlerweile in elektronischer Form vorliegen. Diese Titel m\u00fcssen in Zukunft aus dem Magazin oder dem Aussenmagazin in die Leihstelle bestellt werden. Sie sind ausleihbar und die Leihfrist ist dann sogar verl\u00e4ngerbar.<\/p>\n<p>W\u00e4hrend des Umzuges ist eine Bestellung der betroffenen B\u00e4nde m\u00f6glich &#8211; die Bereitsstellung in der Leihstelle kann jedoch erst zum 27.2.2012 erfolgen.<\/p>\n<p>Die Kopierger\u00e4te im ZFM k\u00f6nnen genutzt werden. Alternativ stehen die Ger\u00e4te im Lesesaal oder im Dokumentationszentrum UN-EU zur Verf\u00fcgung. (Arbeits-)Gruppen empfehlen wir,  an diesen Tagen die Arbeitspl\u00e4tze im Bereich des Informationszentrums im 1. OG zu nutzen.<\/p>\n<p>Wir bitten um Verst\u00e4ndnis<br>\nIhre Universit\u00e4tsbibliothek<\/p>","protected":false},"excerpt":{"rendered":"<p>Der Betrieb des \u201eDokumentationszentrums UN \u2013 EU\u201c wird eingestellt. Die entsprechende Literatur bleibt im Bestand und ist weiterhin zug\u00e4nglich. Vom 20. bis 23. Februar finden im Zeitschriftenfreihandmagazin (ZFM) der Universit\u00e4tsbibliothek (UB) R\u00e4umarbeiten statt, die zu Nutzungsbeeintr\u00e4chtigungen f\u00fchren k\u00f6nnen. Um Platz zu schaffen, werden einige Zeitschriften in geschlossene Magazinbereiche verlagert. Dabei handelt es sich um Zeitschriften, &hellip; <a href=\"https:\/\/blogs.fu-berlin.de\/bibliotheken\/2012\/02\/07\/raumarbeiten-im-zeitschriftenfreihandmagazin-der-ub\/\" class=\"more-link\"><span class=\"screen-reader-text\">\u201eR\u00e4umarbeiten im Zeitschriftenfreihandmagazin der UB\u201c<\/span> weiterlesen<\/a><\/p>\n","protected":false},"author":265,"featured_media":0,"comment_status":"open","ping_status":"open","sticky":false,"template":"","format":"standard","meta":{"footnotes":""},"categories":[601],"tags":[2916,2370],"class_list":["post-10286","post","type-post","status-publish","format-standard","hentry","category-universitatsbibliothek","tag-zeitschriftenfreihandmagazin","tag-zfm"],"_links":{"self":[{"href":"https:\/\/blogs.fu-berlin.de\/bibliotheken\/wp-json\/wp\/v2\/posts\/10286","targetHints":{"allow":["GET"]}}],"collection":[{"href":"https:\/\/blogs.fu-berlin.de\/bibliotheken\/wp-json\/wp\/v2\/posts"}],"about":[{"href":"https:\/\/blogs.fu-berlin.de\/bibliotheken\/wp-json\/wp\/v2\/types\/post"}],"author":[{"embeddable":true,"href":"https:\/\/blogs.fu-berlin.de\/bibliotheken\/wp-json\/wp\/v2\/users\/265"}],"replies":[{"embeddable":true,"href":"https:\/\/blogs.fu-berlin.de\/bibliotheken\/wp-json\/wp\/v2\/comments?post=10286"}],"version-history":[{"count":14,"href":"https:\/\/blogs.fu-berlin.de\/bibliotheken\/wp-json\/wp\/v2\/posts\/10286\/revisions"}],"predecessor-version":[{"id":29747,"href":"https:\/\/blogs.fu-berlin.de\/bibliotheken\/wp-json\/wp\/v2\/posts\/10286\/revisions\/29747"}],"wp:attachment":[{"href":"https:\/\/blogs.fu-berlin.de\/bibliotheken\/wp-json\/wp\/v2\/media?parent=10286"}],"wp:term":[{"taxonomy":"category","embeddable":true,"href":"https:\/\/blogs.fu-berlin.de\/bibliotheken\/wp-json\/wp\/v2\/categories?post=10286"},{"taxonomy":"post_tag","embeddable":true,"href":"https:\/\/blogs.fu-berlin.de\/bibliotheken\/wp-json\/wp\/v2\/tags?post=10286"}],"curies":[{"name":"wp","href":"https:\/\/api.w.org\/{rel}","templated":true}]}}