{"id":10347,"date":"2012-01-24T18:08:20","date_gmt":"2012-01-24T17:08:20","guid":{"rendered":"https:\/\/blogs.fu-berlin.de\/bibliotheken\/?p=10347"},"modified":"2012-02-07T12:11:33","modified_gmt":"2012-02-07T11:11:33","slug":"neu-in-der-digitalen-bibliothek-bibliographie-zur-geschichte-der-deutschen-arbeiterbewegung-und-zur-theorie-und-praxis-der-politischen-linken","status":"publish","type":"post","link":"https:\/\/blogs.fu-berlin.de\/bibliotheken\/2012\/01\/24\/neu-in-der-digitalen-bibliothek-bibliographie-zur-geschichte-der-deutschen-arbeiterbewegung-und-zur-theorie-und-praxis-der-politischen-linken\/","title":{"rendered":"Neu in der Digitalen Bibliothek: Bibliographie zur deutschen Arbeiterbewegung und politischen Linken"},"content":{"rendered":"<p><img loading=\"lazy\" decoding=\"async\" src=\"https:\/\/blogs.fu-berlin.de\/bibliotheken\/files\/2012\/01\/bizga2.jpg\" alt=\"\" title=\"bizga\" width=\"210\" height=\"297\" class=\"alignright size-full wp-image-10357\" \/>Die <a href=\"https:\/\/vs13.kobv.de\/V\/portal=FUBERLIN&amp;institute=FUBERLIN&amp;?func=find-db-1-title&amp;mode=titles&amp;azlist=N&amp;scan_utf=&amp;scan_start=Bibliographie+zur+Geschichte+der+deutschen+Arbeiterbewegung+und+zur+Theorie+und+Praxis+der+politischen+Linken&amp;search_type=contains&amp;restricted=all\">Bibliographie zur Geschichte der deutschen Arbeiterbewegung und zur Theorie und Praxis der politischen Linken<\/a> (kurz: Online-BizGA) verzeichnet laufend seit 1976 Monographien und Aufs\u00e4tze zur Geschichte und Politik der deutschen Arbeiter- und Gewerkschaftsbewegung (wissenschaftliche Sekund\u00e4rliteratur und ausgew\u00e4hlte Prim\u00e4rliteratur).<br \/>\nDie Datenbankrecherche erfolgt \u00fcber eine Suchmaske (z.B. nach Erscheinungsjahr, Autor, Schlagwort, Stichwort), die zugleich eine systematische Eingrenzung mit Hilfe der BizGA-Systematik erm\u00f6glicht. Ebenso k\u00f6nnen die Kategorien der Systematik komplett angezeigt werden.<\/p>\n<h6>Quelle: Datenbank-Infosystem (DBIS)<\/h6>\n","protected":false},"excerpt":{"rendered":"<p>Die Bibliographie zur Geschichte der deutschen Arbeiterbewegung und zur Theorie und Praxis der politischen Linken (kurz: Online-BizGA) verzeichnet laufend seit 1976 Monographien und Aufs\u00e4tze zur Geschichte und Politik der deutschen Arbeiter- und Gewerkschaftsbewegung (wissenschaftliche Sekund\u00e4rliteratur und ausgew\u00e4hlte Prim\u00e4rliteratur). Die Datenbankrecherche erfolgt \u00fcber eine Suchmaske (z.B. nach Erscheinungsjahr, Autor, Schlagwort, Stichwort), die zugleich eine systematische Eingrenzung &hellip; <a href=\"https:\/\/blogs.fu-berlin.de\/bibliotheken\/2012\/01\/24\/neu-in-der-digitalen-bibliothek-bibliographie-zur-geschichte-der-deutschen-arbeiterbewegung-und-zur-theorie-und-praxis-der-politischen-linken\/\" class=\"more-link\"><span class=\"screen-reader-text\">\u201eNeu in der Digitalen Bibliothek: Bibliographie zur deutschen Arbeiterbewegung und politischen Linken\u201c<\/span> weiterlesen<\/a><\/p>\n","protected":false},"author":266,"featured_media":0,"comment_status":"open","ping_status":"open","sticky":false,"template":"","format":"standard","meta":{"footnotes":""},"categories":[457,584805],"tags":[2922,843,2924,2923],"class_list":["post-10347","post","type-post","status-publish","format-standard","hentry","category-digitale-bibliothek","category-was-ist-neu","tag-arbeiterbewegung","tag-fachbibliographie","tag-friedrich-ebert-stiftung","tag-gewerkschaft"],"_links":{"self":[{"href":"https:\/\/blogs.fu-berlin.de\/bibliotheken\/wp-json\/wp\/v2\/posts\/10347","targetHints":{"allow":["GET"]}}],"collection":[{"href":"https:\/\/blogs.fu-berlin.de\/bibliotheken\/wp-json\/wp\/v2\/posts"}],"about":[{"href":"https:\/\/blogs.fu-berlin.de\/bibliotheken\/wp-json\/wp\/v2\/types\/post"}],"author":[{"embeddable":true,"href":"https:\/\/blogs.fu-berlin.de\/bibliotheken\/wp-json\/wp\/v2\/users\/266"}],"replies":[{"embeddable":true,"href":"https:\/\/blogs.fu-berlin.de\/bibliotheken\/wp-json\/wp\/v2\/comments?post=10347"}],"version-history":[{"count":13,"href":"https:\/\/blogs.fu-berlin.de\/bibliotheken\/wp-json\/wp\/v2\/posts\/10347\/revisions"}],"predecessor-version":[{"id":10372,"href":"https:\/\/blogs.fu-berlin.de\/bibliotheken\/wp-json\/wp\/v2\/posts\/10347\/revisions\/10372"}],"wp:attachment":[{"href":"https:\/\/blogs.fu-berlin.de\/bibliotheken\/wp-json\/wp\/v2\/media?parent=10347"}],"wp:term":[{"taxonomy":"category","embeddable":true,"href":"https:\/\/blogs.fu-berlin.de\/bibliotheken\/wp-json\/wp\/v2\/categories?post=10347"},{"taxonomy":"post_tag","embeddable":true,"href":"https:\/\/blogs.fu-berlin.de\/bibliotheken\/wp-json\/wp\/v2\/tags?post=10347"}],"curies":[{"name":"wp","href":"https:\/\/api.w.org\/{rel}","templated":true}]}}