{"id":10421,"date":"2012-02-10T13:33:10","date_gmt":"2012-02-10T12:33:10","guid":{"rendered":"https:\/\/blogs.fu-berlin.de\/bibliotheken\/?p=10421"},"modified":"2012-02-10T13:33:10","modified_gmt":"2012-02-10T12:33:10","slug":"blick-auf-die-deutsche-digitale-bibliothek","status":"publish","type":"post","link":"https:\/\/blogs.fu-berlin.de\/bibliotheken\/2012\/02\/10\/blick-auf-die-deutsche-digitale-bibliothek\/","title":{"rendered":"Blick auf die Deutsche Digitale Bibliothek"},"content":{"rendered":"<p>Die Internet Redaktion des Goethe-Instituts blickt <a href=\"https:\/\/www.goethe.de\/wis\/bib\/dib\/de8817019.htm\">in einem Artikel<\/a> auf die Mitte 2012 startende Deutsche Digitale Bibliothek (DDB). Neugierde und hohe Erwartungen werden auf die Online-Plattform geweckt, die k\u00fcnftig als kulturelles Ged\u00e4chtnis der deutschen Nation fungieren soll. Auch die Frage des Namens ist noch nicht endg\u00fcltig gekl\u00e4rt. Wie oder nach wem soll das Portal benannt werden? DDB ist nur der vorl\u00e4ufige Arbeitstitel \u2026<\/p>\n<h6>Gesehen im <a href=\"https:\/\/www.univie.ac.at\/voeb\/blog\/?p=20116\">V\u00f6bblog<\/a><\/h6>\n","protected":false},"excerpt":{"rendered":"<p>Die Internet Redaktion des Goethe-Instituts blickt in einem Artikel auf die Mitte 2012 startende Deutsche Digitale Bibliothek (DDB). Neugierde und hohe Erwartungen werden auf die Online-Plattform geweckt, die k\u00fcnftig als kulturelles Ged\u00e4chtnis der deutschen Nation fungieren soll. Auch die Frage des Namens ist noch nicht endg\u00fcltig gekl\u00e4rt. Wie oder nach wem soll das Portal benannt &hellip; <a href=\"https:\/\/blogs.fu-berlin.de\/bibliotheken\/2012\/02\/10\/blick-auf-die-deutsche-digitale-bibliothek\/\" class=\"more-link\"><span class=\"screen-reader-text\">\u201eBlick auf die Deutsche Digitale Bibliothek\u201c<\/span> weiterlesen<\/a><\/p>\n","protected":false},"author":293,"featured_media":0,"comment_status":"open","ping_status":"open","sticky":false,"template":"","format":"standard","meta":{"footnotes":""},"categories":[604],"tags":[1368,2939],"class_list":["post-10421","post","type-post","status-publish","format-standard","hentry","category-ins-netz-geschaut","tag-deutsche-digitale-bibliothek","tag-goethe-institut"],"_links":{"self":[{"href":"https:\/\/blogs.fu-berlin.de\/bibliotheken\/wp-json\/wp\/v2\/posts\/10421","targetHints":{"allow":["GET"]}}],"collection":[{"href":"https:\/\/blogs.fu-berlin.de\/bibliotheken\/wp-json\/wp\/v2\/posts"}],"about":[{"href":"https:\/\/blogs.fu-berlin.de\/bibliotheken\/wp-json\/wp\/v2\/types\/post"}],"author":[{"embeddable":true,"href":"https:\/\/blogs.fu-berlin.de\/bibliotheken\/wp-json\/wp\/v2\/users\/293"}],"replies":[{"embeddable":true,"href":"https:\/\/blogs.fu-berlin.de\/bibliotheken\/wp-json\/wp\/v2\/comments?post=10421"}],"version-history":[{"count":3,"href":"https:\/\/blogs.fu-berlin.de\/bibliotheken\/wp-json\/wp\/v2\/posts\/10421\/revisions"}],"predecessor-version":[{"id":10424,"href":"https:\/\/blogs.fu-berlin.de\/bibliotheken\/wp-json\/wp\/v2\/posts\/10421\/revisions\/10424"}],"wp:attachment":[{"href":"https:\/\/blogs.fu-berlin.de\/bibliotheken\/wp-json\/wp\/v2\/media?parent=10421"}],"wp:term":[{"taxonomy":"category","embeddable":true,"href":"https:\/\/blogs.fu-berlin.de\/bibliotheken\/wp-json\/wp\/v2\/categories?post=10421"},{"taxonomy":"post_tag","embeddable":true,"href":"https:\/\/blogs.fu-berlin.de\/bibliotheken\/wp-json\/wp\/v2\/tags?post=10421"}],"curies":[{"name":"wp","href":"https:\/\/api.w.org\/{rel}","templated":true}]}}