{"id":10449,"date":"2012-01-20T18:15:22","date_gmt":"2012-01-20T17:15:22","guid":{"rendered":"https:\/\/blogs.fu-berlin.de\/bibliotheken\/?p=10449"},"modified":"2012-02-10T18:22:48","modified_gmt":"2012-02-10T17:22:48","slug":"neue-freie-datenbanken-in-der-digitalen-bibliothek","status":"publish","type":"post","link":"https:\/\/blogs.fu-berlin.de\/bibliotheken\/2012\/01\/20\/neue-freie-datenbanken-in-der-digitalen-bibliothek\/","title":{"rendered":"Neue freie Datenbanken in der Digitalen Bibliothek"},"content":{"rendered":"<p><img loading=\"lazy\" decoding=\"async\" src=\"https:\/\/blogs.fu-berlin.de\/bibliotheken\/files\/2012\/02\/lexikon_s-300x30.jpg\" alt=\"\" title=\"lexikon_s\" width=\"300\" height=\"30\" class=\"alignright size-medium wp-image-10452\" srcset=\"https:\/\/blogs.fu-berlin.de\/bibliotheken\/files\/2012\/02\/lexikon_s-300x30.jpg 300w, https:\/\/blogs.fu-berlin.de\/bibliotheken\/files\/2012\/02\/lexikon_s.jpg 600w\" sizes=\"auto, (max-width: 300px) 85vw, 300px\" \/><strong>Deutsches Kolonial-Lexikon<\/strong><br \/>\nDas <a href=\"https:\/\/vs13.kobv.de\/V\/portal=FUBERLIN&amp;institute=FUBERLIN&amp;?func=find-db-1-title&amp;mode=titles&amp;azlist=N&amp;scan_utf=&amp;scan_start=Deutsches+Kolonial-Lexikon&amp;search_type=contains&amp;restricted=all\">Deutsche Kolonial-Lexikon<\/a> ist ein Nachschlagewerk zum deutschen Kolonialwesen. Es lag bei Ausbruch des 1. Weltkrieges zum gr\u00f6\u00dften Teil gedruckt vor, bzw. war bereits gesetzt. Der erste Band sollte gerade erscheinen. Nach dem Krieg wurde das Lexikon ohne jede Ver\u00e4nderung ver\u00f6ffentlicht, da eine Neubearbeitung zu hohen Kosten und erneuten Verz\u00f6gerungen gef\u00fchrt h\u00e4tte. In der nun vorliegenden digitalisierten Form wurde ebenfalls das Original unver\u00e4ndert \u00fcbernommen.<\/p>\n<p><img loading=\"lazy\" decoding=\"async\" src=\"https:\/\/blogs.fu-berlin.de\/bibliotheken\/files\/2012\/01\/header-300x23.png\" alt=\"\" title=\"header\" width=\"300\" height=\"23\" class=\"alignright size-medium wp-image-10454\" srcset=\"https:\/\/blogs.fu-berlin.de\/bibliotheken\/files\/2012\/01\/header-300x23.png 300w, https:\/\/blogs.fu-berlin.de\/bibliotheken\/files\/2012\/01\/header.png 960w\" sizes=\"auto, (max-width: 300px) 85vw, 300px\" \/><strong>Informationssystem Medienp\u00e4dagogik<\/strong><br \/>\nDas <a href=\"https:\/\/vs13.kobv.de\/V\/portal=FUBERLIN&amp;institute=FUBERLIN&amp;?func=find-db-1-title&amp;mode=titles&amp;azlist=N&amp;scan_utf=&amp;scan_start=Informationssystem+Medienp%C3%A4dagogik&amp;search_type=contains&amp;restricted=all\">Informationssystem Medienp\u00e4dagogik<\/a> (ISM) ist ein Open Access Fachportal mit mehr als 100.000 Nachweisen zu medienp\u00e4dagogisch relevanten Themen. Die Datenbanken enthalten ausf\u00fchrlich annotierte Nachweise von Monografien, Sammelwerksbeitr\u00e4gen, Zeitschriftenaufs\u00e4tzen, AV-Medien und Onlineressourcen sowie Forschungsprojekten. Erg\u00e4nzt wird das Angebot durch den Grundbaukasten Medienkompetenz des Grimme-Instituts, den Infopool der Stiftung MKFS (MedienKompetenz Forum S\u00fcdwest) und das Wikilexikon zum Bildungswesen des DIPF (Deutschen Instituts f\u00fcr Internationale P\u00e4dagogische Forschung). Neuigkeiten, Veranstaltungen und Medientipps zu aktuellen Themen runden das Angebot ab. Thematisch deckt ISM die Bereiche Medienp\u00e4dagogik, Medienkompetenz, Medien(wirkungs)forschung, Medienpolitik, Kinder- und Jugendfernsehen, Web 2.0, E-Learning, Jugendmedienschutz, Bildungsmedien, Kommunikationswissenschaft, Informationskompetenz und Journalismus ab. Das Portal richtet sich an Lehrer\/innen, Erzieher\/innen, Studierende, Wissenschaftler\/innen, Bibliothekar(e\/innen) und Journalist(en\/innen), aber auch Eltern, Sch\u00fcler\/innen und interessierte Laien. Ein ausf\u00fchrliches Tutorial erleichtert den Einstieg in das Portal.<\/p>\n<p><img loading=\"lazy\" decoding=\"async\" src=\"https:\/\/blogs.fu-berlin.de\/bibliotheken\/files\/2012\/01\/topbannerleft-300x64.gif\" alt=\"\" title=\"topbannerleft\" width=\"300\" height=\"64\" class=\"alignright size-medium wp-image-10456\" srcset=\"https:\/\/blogs.fu-berlin.de\/bibliotheken\/files\/2012\/01\/topbannerleft-300x64.gif 300w, https:\/\/blogs.fu-berlin.de\/bibliotheken\/files\/2012\/01\/topbannerleft.gif 522w\" sizes=\"auto, (max-width: 300px) 85vw, 300px\" \/><strong>Universal Short Title Catalogue<\/strong><br \/>\nDer <a href=\"https:\/\/vs13.kobv.de\/V\/portal=FUBERLIN&amp;institute=FUBERLIN&amp;?func=find-db-1-title&amp;mode=titles&amp;azlist=N&amp;scan_utf=&amp;scan_start=Universal+Short+Title+Catalogue&amp;search_type=contains&amp;restricted=all\">Universal Short Title Catalogue<\/a> (USTC) ist ein Projekt der schottischen University of St. Andrews und des University College in Dublin.<br \/>\nNachgewiesen sind etwa 355.000 Ausgaben und ungef\u00e4hr 1,5 Millionen Exemplare von mehr als 5.000 Bibliotheken in Europa von der Erfindung des Buchdrucks bis Ende des 16. Jahrhunderts. Au\u00dferdem sind \u2013 falls vorhanden &#8211; digitale Volltexte nachgewiesen.<br \/>\nGrundlage der Datenbank waren bibliografische Projekte der beiden Einrichtungen in St. Andrews und Dublin, die 2011 mit Kataloginformationen aus Italien, Deutschland und Gro\u00dfbritannien zusammengef\u00fchrt wurden. Eine Fortsetzung der Verzeichnung bis 1650 ist geplant.<\/p>\n<p><img loading=\"lazy\" decoding=\"async\" src=\"https:\/\/blogs.fu-berlin.de\/bibliotheken\/files\/2012\/01\/logo-national-bibliothek.gif\" alt=\"\" title=\"logo-national-bibliothek\" width=\"165\" height=\"52\" class=\"alignright size-full wp-image-10460\" \/><strong>Verzeichnis der k\u00fcnstlerischen, wissenschaftlichen und kulturpolitischen Nachl\u00e4sse in \u00d6sterreich<\/strong><br \/>\nIn dem <a href=\"https:\/\/vs13.kobv.de\/V\/portal=FUBERLIN&amp;institute=FUBERLIN&amp;?func=find-db-1-title&amp;mode=titles&amp;azlist=N&amp;scan_utf=&amp;scan_start=Verzeichnis+der+k%C3%BCnstlerischen%2C+wissenschaftlichen+und+kulturpolitischen+Nachl%C3%A4sse+in+%C3%96sterreich&amp;search_type=contains&amp;restricted=all\">Verzeichnis der k\u00fcnstlerischen, wissenschaftlichen und kulturpolitischen Nachl\u00e4sse in \u00d6sterreich<\/a> finden sich rund 6.000 Nachweise von Best\u00e4nden (Nachl\u00e4sse, Vorl\u00e4sse etc.) \u00f6sterreichischer Pers\u00f6nlichkeiten in Archiven, Bibliotheken, Museen und sonstigen Einrichtungen in \u00d6sterreich. Grundlage der Bestandserfassung war die Revision und Aktualisierung der Standardwerke:<br \/>\nGerhard Renner: Die Nachl\u00e4sse in den Bibliotheken und Museen der Republik \u00d6sterreich [&#8230;]. Wien, K\u00f6ln, Weimar 1993<br \/>\nMurray G. Hall, Gerhard Renner: Handbuch der Nachl\u00e4sse und Sammlungen \u00f6sterreichischer Autoren. 2. Aufl. Wien, K\u00f6ln, Weimar 1995.<\/p>\n<h6>Quelle: Datenbank-Infosystem (DBIS)<\/h6>\n","protected":false},"excerpt":{"rendered":"<p>Deutsches Kolonial-Lexikon Das Deutsche Kolonial-Lexikon ist ein Nachschlagewerk zum deutschen Kolonialwesen. Es lag bei Ausbruch des 1. Weltkrieges zum gr\u00f6\u00dften Teil gedruckt vor, bzw. war bereits gesetzt. Der erste Band sollte gerade erscheinen. Nach dem Krieg wurde das Lexikon ohne jede Ver\u00e4nderung ver\u00f6ffentlicht, da eine Neubearbeitung zu hohen Kosten und erneuten Verz\u00f6gerungen gef\u00fchrt h\u00e4tte. In &hellip; <a href=\"https:\/\/blogs.fu-berlin.de\/bibliotheken\/2012\/01\/20\/neue-freie-datenbanken-in-der-digitalen-bibliothek\/\" class=\"more-link\"><span class=\"screen-reader-text\">\u201eNeue freie Datenbanken in der Digitalen Bibliothek\u201c<\/span> weiterlesen<\/a><\/p>\n","protected":false},"author":266,"featured_media":0,"comment_status":"open","ping_status":"open","sticky":false,"template":"","format":"standard","meta":{"footnotes":""},"categories":[457,584805],"tags":[2760,471,2942,2944,2943,2945,917],"class_list":["post-10449","post","type-post","status-publish","format-standard","hentry","category-digitale-bibliothek","category-was-ist-neu","tag-bibliothekskatalog","tag-geschichte","tag-kolonial-lexikon","tag-medienkompetenz","tag-medienpadagogik","tag-nachlass","tag-osterreich"],"_links":{"self":[{"href":"https:\/\/blogs.fu-berlin.de\/bibliotheken\/wp-json\/wp\/v2\/posts\/10449","targetHints":{"allow":["GET"]}}],"collection":[{"href":"https:\/\/blogs.fu-berlin.de\/bibliotheken\/wp-json\/wp\/v2\/posts"}],"about":[{"href":"https:\/\/blogs.fu-berlin.de\/bibliotheken\/wp-json\/wp\/v2\/types\/post"}],"author":[{"embeddable":true,"href":"https:\/\/blogs.fu-berlin.de\/bibliotheken\/wp-json\/wp\/v2\/users\/266"}],"replies":[{"embeddable":true,"href":"https:\/\/blogs.fu-berlin.de\/bibliotheken\/wp-json\/wp\/v2\/comments?post=10449"}],"version-history":[{"count":10,"href":"https:\/\/blogs.fu-berlin.de\/bibliotheken\/wp-json\/wp\/v2\/posts\/10449\/revisions"}],"predecessor-version":[{"id":10467,"href":"https:\/\/blogs.fu-berlin.de\/bibliotheken\/wp-json\/wp\/v2\/posts\/10449\/revisions\/10467"}],"wp:attachment":[{"href":"https:\/\/blogs.fu-berlin.de\/bibliotheken\/wp-json\/wp\/v2\/media?parent=10449"}],"wp:term":[{"taxonomy":"category","embeddable":true,"href":"https:\/\/blogs.fu-berlin.de\/bibliotheken\/wp-json\/wp\/v2\/categories?post=10449"},{"taxonomy":"post_tag","embeddable":true,"href":"https:\/\/blogs.fu-berlin.de\/bibliotheken\/wp-json\/wp\/v2\/tags?post=10449"}],"curies":[{"name":"wp","href":"https:\/\/api.w.org\/{rel}","templated":true}]}}