{"id":1045,"date":"2009-05-12T16:57:04","date_gmt":"2009-05-12T15:57:04","guid":{"rendered":"https:\/\/blogs.fu-berlin.de\/bibliotheken\/?p=1045"},"modified":"2017-04-04T08:42:25","modified_gmt":"2017-04-04T07:42:25","slug":"online-knigge-1-als-gabs-kein-morgen-exzessive-downloads-von-e-books","status":"publish","type":"post","link":"https:\/\/blogs.fu-berlin.de\/bibliotheken\/2009\/05\/12\/online-knigge-1-als-gabs-kein-morgen-exzessive-downloads-von-e-books\/","title":{"rendered":"Als g\u00e4b&#8217;s kein Morgen &#8230; exzessive &#8222;Downloads&#8220; von E-Books"},"content":{"rendered":"<p>E-Books werden immer beliebter. Immer mehr Bibliotheksnutzer wissen die Vorteile der durch die FU-Bibliotheken zug\u00e4nglich gemachten E-Books zu sch\u00e4tzen &#8211; selbst wenn die Nachweissituation noch nicht optimal ist, denn viele elektronische B\u00fccher (z.B. in den Paketen der Nationallizenzen) werden gegenw\u00e4rtig noch gar nicht einzeln im Katalog nachgewiesen, sondern &#8222;nur&#8220; unterhalb der betr. Plattform in der &#8222;Digitalen Bibliothek&#8220; (Beispiele siehe unter <a href=\"https:\/\/vs13.kobv.de\/V?portal=FUBERLIN&amp;institute=FUBERLIN&amp;func=find-db-1-locate&amp;mode=locate&amp;F-WCL=&amp;F-WFL=&amp;F-WRD=&amp;F-WTY=E-Book-Collections&amp;restricted=all\">&#8222;E-Book-Collections&#8220;<\/a>).<\/p>\n<p>Manch eine Nutzung schie\u00dft dann allerdings auch schon mal \u00fcber das Ziel hinaus und es wird leider au\u00dfer Acht gelassen, dass es seitens der zugrunde liegenden Lizenzvertr\u00e4ge zwischen den Bibliotheken und dem Datenanbieter, sp\u00e4testens aber im Urheberrecht, bestimmte Grenzen gibt, die es bei der Nutzung zu beachten gilt.<\/p>\n<p>Grunds\u00e4tzlich nicht erlaubt sind u.a. der maschinelle Download durch entsprechende Robots oder die Weiterverbreitung urheberrechtlich gesch\u00fctzter Inhalte. J\u00fcngste Beispiele im FU-Bereich betreffen E-Books aus dem Verlag De Gruyter. Hier war es in verschiedenen F\u00e4llen zu manuellen(!) Massendownloads gekommen, woraufhin der Zugriff durch den betr. Rechner seitens des Verlags (via IP-Kontrolle) zun\u00e4chst f\u00fcr 3 Stunden gesperrt wird. De Gruyter teilte uns dazu mit, dass der erlaubte Zugriff durchaus &#8222;gro\u00dfz\u00fcgig&#8220; ausgelegt wird, bis eine Schranke gesetzt wird.<\/p>\n<p>Der Lizenzvertrag sagt dazu Folgendes:<br \/>\n&#8222;Berechtigte Nutzer d\u00fcrfen f\u00fcr den privaten Gebrauch oder Forschungszwecke auf den Lizenzgegenstand zugreifen, diesen ansehen und durchsuchen sowie einzelne Ausdrucke oder elektronische Kopien von einzelnen Artikeln oder Kapiteln, die nicht mehr als einen kleinen Teil einer Zeitschrift oder eines Buches ausmachen, erstellen&#8220; und bewegt sich damit im Rahmen dessen, was auch das Urheberrecht hier gegenw\u00e4rtig als Grenze ansieht.<\/p>\n<p>Nat\u00fcrlich k\u00f6nnen m\u00f6glichst klein gehaltene PDF-H\u00e4ppchen den Appetit beim Durchsehen von E-Books schon mal anfachen. <strong>Vor allem ist zu beachten, dass ein &#8222;Download&#8220; nach dem zugrunde liegenden COUNTER-Standard bereits dadurch stattfindet, dass ein PDF-Dokument vom Verlagsserver angefordert &#8211; also angeklickt &#8211; wurde!<\/strong> Wir raten an dieser Stelle zum Durchschnaufen und Entspannen! Die E-Books aus dem Hause De Gruyter, die wir derzeit anbieten (\u00fcbrigens alle einzeln \u00fcber den Katalog erschlossen), sind gekauft und stehen Ihnen daher dauerhaft im FU-Netz zur Verf\u00fcgung! Es besteht also eigentlich kein Grund dazu, hektisch E-Book-Inhalte &#8222;downzuloaden&#8220; oder etwa gar das Risiko eines tempor\u00e4ren &#8222;Ausschlusses&#8220; vom Zugriff auf E-Books von De Gruyter einzugehen.<\/p>\n<p>Sit back &#8211; relax. E-Books haben Zukunft. Es gibt ein Morgen &#8230; \ud83d\ude09<\/p>\n","protected":false},"excerpt":{"rendered":"<p>E-Books werden immer beliebter. Immer mehr Bibliotheksnutzer wissen die Vorteile der durch die FU-Bibliotheken zug\u00e4nglich gemachten E-Books zu sch\u00e4tzen &#8211; selbst wenn die Nachweissituation noch nicht optimal ist, denn viele elektronische B\u00fccher (z.B. in den Paketen der Nationallizenzen) werden gegenw\u00e4rtig noch gar nicht einzeln im Katalog nachgewiesen, sondern &#8222;nur&#8220; unterhalb der betr. Plattform in der &hellip; <a href=\"https:\/\/blogs.fu-berlin.de\/bibliotheken\/2009\/05\/12\/online-knigge-1-als-gabs-kein-morgen-exzessive-downloads-von-e-books\/\" class=\"more-link\"><span class=\"screen-reader-text\">\u201eAls g\u00e4b&#8217;s kein Morgen &#8230; exzessive &#8222;Downloads&#8220; von E-Books\u201c<\/span> weiterlesen<\/a><\/p>\n","protected":false},"author":267,"featured_media":0,"comment_status":"open","ping_status":"open","sticky":false,"template":"","format":"standard","meta":{"footnotes":""},"categories":[457],"tags":[692,32,755,754,753,369,127],"class_list":["post-1045","post","type-post","status-publish","format-standard","hentry","category-digitale-bibliothek","tag-de-gruyter","tag-e-books","tag-lizenzvertrag","tag-misbrauch","tag-nutzung","tag-nutzungsbedingungen","tag-urheberrecht"],"_links":{"self":[{"href":"https:\/\/blogs.fu-berlin.de\/bibliotheken\/wp-json\/wp\/v2\/posts\/1045","targetHints":{"allow":["GET"]}}],"collection":[{"href":"https:\/\/blogs.fu-berlin.de\/bibliotheken\/wp-json\/wp\/v2\/posts"}],"about":[{"href":"https:\/\/blogs.fu-berlin.de\/bibliotheken\/wp-json\/wp\/v2\/types\/post"}],"author":[{"embeddable":true,"href":"https:\/\/blogs.fu-berlin.de\/bibliotheken\/wp-json\/wp\/v2\/users\/267"}],"replies":[{"embeddable":true,"href":"https:\/\/blogs.fu-berlin.de\/bibliotheken\/wp-json\/wp\/v2\/comments?post=1045"}],"version-history":[{"count":21,"href":"https:\/\/blogs.fu-berlin.de\/bibliotheken\/wp-json\/wp\/v2\/posts\/1045\/revisions"}],"predecessor-version":[{"id":20855,"href":"https:\/\/blogs.fu-berlin.de\/bibliotheken\/wp-json\/wp\/v2\/posts\/1045\/revisions\/20855"}],"wp:attachment":[{"href":"https:\/\/blogs.fu-berlin.de\/bibliotheken\/wp-json\/wp\/v2\/media?parent=1045"}],"wp:term":[{"taxonomy":"category","embeddable":true,"href":"https:\/\/blogs.fu-berlin.de\/bibliotheken\/wp-json\/wp\/v2\/categories?post=1045"},{"taxonomy":"post_tag","embeddable":true,"href":"https:\/\/blogs.fu-berlin.de\/bibliotheken\/wp-json\/wp\/v2\/tags?post=1045"}],"curies":[{"name":"wp","href":"https:\/\/api.w.org\/{rel}","templated":true}]}}