{"id":10546,"date":"2012-02-24T14:21:47","date_gmt":"2012-02-24T13:21:47","guid":{"rendered":"https:\/\/blogs.fu-berlin.de\/bibliotheken\/?p=10546"},"modified":"2012-02-27T16:00:43","modified_gmt":"2012-02-27T15:00:43","slug":"ausstellung-willkommen-in-europa-eu-fluchtlingspolitik-gefahrdet-menschenleben","status":"publish","type":"post","link":"https:\/\/blogs.fu-berlin.de\/bibliotheken\/2012\/02\/24\/ausstellung-willkommen-in-europa-eu-fluchtlingspolitik-gefahrdet-menschenleben\/","title":{"rendered":"Ausstellung: Willkommen in Europa? EU-Fl\u00fcchtlingspolitik gef\u00e4hrdet Menschenleben"},"content":{"rendered":"<p><a href=\"https:\/\/www.ub.fu-berlin.de\/service_neu\/ausstellung\/\">Ausstellung &#8222;Willkommen in Europa?&#8220;<\/a>, erarbeitet von <em><a href=\"https:\/\/www.aerzte-ohne-grenzen.de\/\">\u00c4rzte ohne Grenzen<\/a><\/em>, zeigt Fotos aus einem Auffanglager f\u00fcr Migranten und Fl\u00fcchtlinge auf Malta und sie zeigt dar\u00fcber hinaus ausdrucksvolle Zeichnungen, die Patienten im Jahr 2009 im Rahmen eines psychosozialen Betreuungsprogramms von <em>\u00c4rzte ohne Grenzen<\/em> gemalt haben.<\/p>\n<p>Seit dem Jahr 2000 leistet <em>\u00c4rzte ohne Grenzen<\/em> auch auf Malta, in Italien und in Griechenland medizinische und psychologische Nothilfe f\u00fcr Migranten, die die europ\u00e4ischen K\u00fcsten mit Booten erreichen. <\/p>\n<p>Die Ausstellungser\u00f6ffnung findet am Montag den 27. Februar 2012 um 17.00 Uhr im Foyer der Universit\u00e4tsbibliothek, Garystr. 39, statt. In einer Er\u00f6ffnungsrede f\u00fchrt der Gesch\u00e4ftsf\u00fchrer der deutschen Sektion von <em>\u00c4rzte ohne Grenzen<\/em>, Dr. Frank D\u00f6rner, in die Thematik ein. Interessierte sind herzlich eingeladen. Der Eintritt ist frei.<\/p>\n<p>Die Ausstellung wird vom 27. Februar bis zum 27. April 2012 im Foyer der Universit\u00e4tsbibliothek (Mo-Fr 9-20 Uhr) in der Garystr. 39 zu sehen sein.<\/p>\n","protected":false},"excerpt":{"rendered":"<p>Ausstellung &#8222;Willkommen in Europa?&#8220;, erarbeitet von \u00c4rzte ohne Grenzen, zeigt Fotos aus einem Auffanglager f\u00fcr Migranten und Fl\u00fcchtlinge auf Malta und sie zeigt dar\u00fcber hinaus ausdrucksvolle Zeichnungen, die Patienten im Jahr 2009 im Rahmen eines psychosozialen Betreuungsprogramms von \u00c4rzte ohne Grenzen gemalt haben. Seit dem Jahr 2000 leistet \u00c4rzte ohne Grenzen auch auf Malta, in &hellip; <a href=\"https:\/\/blogs.fu-berlin.de\/bibliotheken\/2012\/02\/24\/ausstellung-willkommen-in-europa-eu-fluchtlingspolitik-gefahrdet-menschenleben\/\" class=\"more-link\"><span class=\"screen-reader-text\">\u201eAusstellung: Willkommen in Europa? EU-Fl\u00fcchtlingspolitik gef\u00e4hrdet Menschenleben\u201c<\/span> weiterlesen<\/a><\/p>\n","protected":false},"author":265,"featured_media":0,"comment_status":"open","ping_status":"open","sticky":false,"template":"","format":"standard","meta":{"footnotes":""},"categories":[601,70],"tags":[581,2963,2962],"class_list":["post-10546","post","type-post","status-publish","format-standard","hentry","category-universitatsbibliothek","category-veranstaltungen","tag-ausstellung","tag-fluchtlingspolitik","tag-willkommen-in-europa"],"_links":{"self":[{"href":"https:\/\/blogs.fu-berlin.de\/bibliotheken\/wp-json\/wp\/v2\/posts\/10546","targetHints":{"allow":["GET"]}}],"collection":[{"href":"https:\/\/blogs.fu-berlin.de\/bibliotheken\/wp-json\/wp\/v2\/posts"}],"about":[{"href":"https:\/\/blogs.fu-berlin.de\/bibliotheken\/wp-json\/wp\/v2\/types\/post"}],"author":[{"embeddable":true,"href":"https:\/\/blogs.fu-berlin.de\/bibliotheken\/wp-json\/wp\/v2\/users\/265"}],"replies":[{"embeddable":true,"href":"https:\/\/blogs.fu-berlin.de\/bibliotheken\/wp-json\/wp\/v2\/comments?post=10546"}],"version-history":[{"count":14,"href":"https:\/\/blogs.fu-berlin.de\/bibliotheken\/wp-json\/wp\/v2\/posts\/10546\/revisions"}],"predecessor-version":[{"id":10579,"href":"https:\/\/blogs.fu-berlin.de\/bibliotheken\/wp-json\/wp\/v2\/posts\/10546\/revisions\/10579"}],"wp:attachment":[{"href":"https:\/\/blogs.fu-berlin.de\/bibliotheken\/wp-json\/wp\/v2\/media?parent=10546"}],"wp:term":[{"taxonomy":"category","embeddable":true,"href":"https:\/\/blogs.fu-berlin.de\/bibliotheken\/wp-json\/wp\/v2\/categories?post=10546"},{"taxonomy":"post_tag","embeddable":true,"href":"https:\/\/blogs.fu-berlin.de\/bibliotheken\/wp-json\/wp\/v2\/tags?post=10546"}],"curies":[{"name":"wp","href":"https:\/\/api.w.org\/{rel}","templated":true}]}}