{"id":10641,"date":"2012-03-15T18:09:47","date_gmt":"2012-03-15T17:09:47","guid":{"rendered":"https:\/\/blogs.fu-berlin.de\/bibliotheken\/?p=10641"},"modified":"2012-03-15T18:10:44","modified_gmt":"2012-03-15T17:10:44","slug":"neue-virtuelle-fachbibliothek-benelux-gestartet","status":"publish","type":"post","link":"https:\/\/blogs.fu-berlin.de\/bibliotheken\/2012\/03\/15\/neue-virtuelle-fachbibliothek-benelux-gestartet\/","title":{"rendered":"Neue Virtuelle Fachbibliothek Benelux gestartet"},"content":{"rendered":"<p><a rel=\"attachment wp-att-10646\" href=\"https:\/\/blogs.fu-berlin.de\/bibliotheken\/2012\/03\/15\/neue-virtuelle-fachbibliothek-benelux-gestartet\/vifa_benelux\/\"><img loading=\"lazy\" decoding=\"async\" class=\"alignright size-full wp-image-10646\" title=\"vifa_benelux\" src=\"https:\/\/blogs.fu-berlin.de\/bibliotheken\/files\/2012\/03\/vifa_benelux.jpg\" alt=\"\" width=\"170\" height=\"37\" align=\"right\" \/><\/a>Die vor wenigen Tagen online gegangene <a href=\"https:\/\/vs13.kobv.de\/V\/portal=FUBERLIN&amp;institute=FUBERLIN&amp;?func=find-db-1-title&amp;mode=titles&amp;azlist=N&amp;scan_utf=&amp;scan_start=vifa+benelux&amp;search_type=contains&amp;restricted=all\">ViFa Benelux<\/a> ersetzt k\u00fcnftig die <a href=\"https:\/\/www.nedguide.de\/\">Virtuelle Fachbibliothek Niederl\u00e4ndischer Kulturkreis \/ NedGuide<\/a> der ULB M\u00fcnster sowie die <a href=\"https:\/\/www.ub.uni-koeln.de\/bibliothek\/ssg\/dfg\/benelux\/vfbbelux\/index_ger.html\">Fachinformationsseiten Belgien\/Luxemburg<\/a> der USB K\u00f6ln. Angeboten wird f\u00fcr Wissenschaftler, Studierende und sonstige Interessierte ein \u201eOne-Stop-Shop\u201c f\u00fcr die Online-Recherche zur Niederlandistik, Niederlande-, Belgien- und Luxemburgforschung sowie f\u00fcr die Frisistik und Afrikaanse Philologie.<\/p>\n<p>Das Angebot gliedert sich u. a. in eine Metasuche \u00fcber zahlreiche Fachkataloge und -datenbanken, eine fachliche E-Zeitschriften- sowie Datenbankliste in der Elektronischen Zeitschriftenbibliothek (EZB) bzw. im Datenbankinfosystem (DBIS). Im Aufbau begriffen ist ein Dokumentenserver (\u201eBenelux-Dok\u201c), w\u00e4hrend ein Forschungsf\u00fchrer (\u201eViFa Benelux Forscher- und Forschungswiki\u201c) sowie Neuerwerbungslisten ebenfalls bereitgestellt werden. Erg\u00e4nzt wird das Angebot um einen Blog zu aktuellen Fachnachrichten sowie einen Newsletter zum Sondersammelgebiet.<\/p>\n<p>Das Fachportal ist Teil des von der Deutschen Forschungsgemeinschaft gef\u00f6rderten Projekts des Sondersammelgebietes Benelux. Gemeinsame Projektnehmer sind die Universit\u00e4ts- und Landesbibliothek M\u00fcnster mit dem Sammelschwerpunkt Niederl\u00e4ndischer Kulturkreis und die Universit\u00e4ts- und Stadtbibliothek K\u00f6ln, die den Sammelschwerpunkt Belgien\/ Luxemburg betreut.<\/p>\n","protected":false},"excerpt":{"rendered":"<p>Die vor wenigen Tagen online gegangene ViFa Benelux ersetzt k\u00fcnftig die Virtuelle Fachbibliothek Niederl\u00e4ndischer Kulturkreis \/ NedGuide der ULB M\u00fcnster sowie die Fachinformationsseiten Belgien\/Luxemburg der USB K\u00f6ln. Angeboten wird f\u00fcr Wissenschaftler, Studierende und sonstige Interessierte ein \u201eOne-Stop-Shop\u201c f\u00fcr die Online-Recherche zur Niederlandistik, Niederlande-, Belgien- und Luxemburgforschung sowie f\u00fcr die Frisistik und Afrikaanse Philologie. Das Angebot &hellip; <a href=\"https:\/\/blogs.fu-berlin.de\/bibliotheken\/2012\/03\/15\/neue-virtuelle-fachbibliothek-benelux-gestartet\/\" class=\"more-link\"><span class=\"screen-reader-text\">\u201eNeue Virtuelle Fachbibliothek Benelux gestartet\u201c<\/span> weiterlesen<\/a><\/p>\n","protected":false},"author":293,"featured_media":0,"comment_status":"open","ping_status":"open","sticky":false,"template":"","format":"standard","meta":{"footnotes":""},"categories":[457,584805],"tags":[2983,1163,720,998],"class_list":["post-10641","post","type-post","status-publish","format-standard","hentry","category-digitale-bibliothek","category-was-ist-neu","tag-belgien","tag-luxemburg","tag-niederlande","tag-virtuelle-fachbibliothek"],"_links":{"self":[{"href":"https:\/\/blogs.fu-berlin.de\/bibliotheken\/wp-json\/wp\/v2\/posts\/10641","targetHints":{"allow":["GET"]}}],"collection":[{"href":"https:\/\/blogs.fu-berlin.de\/bibliotheken\/wp-json\/wp\/v2\/posts"}],"about":[{"href":"https:\/\/blogs.fu-berlin.de\/bibliotheken\/wp-json\/wp\/v2\/types\/post"}],"author":[{"embeddable":true,"href":"https:\/\/blogs.fu-berlin.de\/bibliotheken\/wp-json\/wp\/v2\/users\/293"}],"replies":[{"embeddable":true,"href":"https:\/\/blogs.fu-berlin.de\/bibliotheken\/wp-json\/wp\/v2\/comments?post=10641"}],"version-history":[{"count":10,"href":"https:\/\/blogs.fu-berlin.de\/bibliotheken\/wp-json\/wp\/v2\/posts\/10641\/revisions"}],"predecessor-version":[{"id":10654,"href":"https:\/\/blogs.fu-berlin.de\/bibliotheken\/wp-json\/wp\/v2\/posts\/10641\/revisions\/10654"}],"wp:attachment":[{"href":"https:\/\/blogs.fu-berlin.de\/bibliotheken\/wp-json\/wp\/v2\/media?parent=10641"}],"wp:term":[{"taxonomy":"category","embeddable":true,"href":"https:\/\/blogs.fu-berlin.de\/bibliotheken\/wp-json\/wp\/v2\/categories?post=10641"},{"taxonomy":"post_tag","embeddable":true,"href":"https:\/\/blogs.fu-berlin.de\/bibliotheken\/wp-json\/wp\/v2\/tags?post=10641"}],"curies":[{"name":"wp","href":"https:\/\/api.w.org\/{rel}","templated":true}]}}