{"id":10880,"date":"2012-04-02T13:26:43","date_gmt":"2012-04-02T12:26:43","guid":{"rendered":"https:\/\/blogs.fu-berlin.de\/bibliotheken\/?p=10880"},"modified":"2012-04-10T13:37:13","modified_gmt":"2012-04-10T12:37:13","slug":"ub-erweitert-offnungszeiten-ab-dem-10-april-2012","status":"publish","type":"post","link":"https:\/\/blogs.fu-berlin.de\/bibliotheken\/2012\/04\/02\/ub-erweitert-offnungszeiten-ab-dem-10-april-2012\/","title":{"rendered":"UB erweitert \u00d6ffnungszeiten ab dem 10. April 2012"},"content":{"rendered":"<p><img loading=\"lazy\" decoding=\"async\" class=\"alignright\" title=\"UB-Logo blau\" src=\"https:\/\/www.ub.fu-berlin.de\/media\/layout\/identity_left.gif\" alt=\"UB-Logo blau\" width=\"194\" height=\"76\" \/>Mit Beginn der Vorlesungszeit des kommenden Sommersemesters am 10. April 2012 werden die \u00d6ffnungszeiten der Leihstelle, der Lehrbuchsammlung, des Offenen Magazins und des Informationszentrums der Universit\u00e4tsbibliothek (UB) von Montag bis Freitag t\u00e4glich um 2 Stunden auf die Zeit von 9-19 Uhr verl\u00e4ngert.<br \/>\nZugleich wird das Zeitfenster f\u00fcr <a href=\"https:\/\/www.ub.fu-berlin.de\/bibliothek\/benutzung\/ausleihe\/\">Sofortbestellungen aus dem geschlossenen Magazin<\/a> t\u00e4glich bis 17 Uhr, d.h. um 2,5 Stunden erweitert.<\/p>\n<p>Hintergrund dieser Serviceerweiterung sind u. a. die <a href=\"https:\/\/www.ub.fu-berlin.de\/news\/umfrage2012.html\">Ergebnisse der im November\/Dezember 2011 durchgef\u00fchrten Benutzerumfrage<\/a>. Dort wurden deutliche Erwartungen in Hinsicht auf eine Erweiterung der \u00d6ffnungszeiten der UB zum Ausdruck gebracht.<\/p>\n<p>Die Universit\u00e4tsbibliothek hat bereits vor der Umfrage Planungen f\u00fcr die Erweiterung des Serviceangebots der Leihstelle als des am intensivsten genutzten Servicebereiches in der UB vorangetrieben. Allerdings sind \u00d6ffnungszeiten wesentlich von den vorhandenen Personalressourcen abh\u00e4ngig. Diese Serviceverbesserung ist nun durch den Einsatz von Studentischen Hilfskr\u00e4ften m\u00f6glich.<\/p>\n<p>Die jetzige Erweiterung der \u00d6ffnungszeiten ist ein erster Schritt hin zur Vereinheitlichung und Realisierung der in der Umfrage zum Ausdruck gebrachten Wunsch\u00f6ffnungszeiten.<\/p>\n<p>Ihre Universit\u00e4tsbibliothek<\/p>\n","protected":false},"excerpt":{"rendered":"<p>Mit Beginn der Vorlesungszeit des kommenden Sommersemesters am 10. April 2012 werden die \u00d6ffnungszeiten der Leihstelle, der Lehrbuchsammlung, des Offenen Magazins und des Informationszentrums der Universit\u00e4tsbibliothek (UB) von Montag bis Freitag t\u00e4glich um 2 Stunden auf die Zeit von 9-19 Uhr verl\u00e4ngert. Zugleich wird das Zeitfenster f\u00fcr Sofortbestellungen aus dem geschlossenen Magazin t\u00e4glich bis 17 &hellip; <a href=\"https:\/\/blogs.fu-berlin.de\/bibliotheken\/2012\/04\/02\/ub-erweitert-offnungszeiten-ab-dem-10-april-2012\/\" class=\"more-link\"><span class=\"screen-reader-text\">\u201eUB erweitert \u00d6ffnungszeiten ab dem 10. April 2012\u201c<\/span> weiterlesen<\/a><\/p>\n","protected":false},"author":265,"featured_media":0,"comment_status":"open","ping_status":"open","sticky":false,"template":"","format":"standard","meta":{"footnotes":""},"categories":[601],"tags":[641,57467],"class_list":["post-10880","post","type-post","status-publish","format-standard","hentry","category-universitatsbibliothek","tag-offnungszeiten","tag-universitatsbibliothek"],"_links":{"self":[{"href":"https:\/\/blogs.fu-berlin.de\/bibliotheken\/wp-json\/wp\/v2\/posts\/10880","targetHints":{"allow":["GET"]}}],"collection":[{"href":"https:\/\/blogs.fu-berlin.de\/bibliotheken\/wp-json\/wp\/v2\/posts"}],"about":[{"href":"https:\/\/blogs.fu-berlin.de\/bibliotheken\/wp-json\/wp\/v2\/types\/post"}],"author":[{"embeddable":true,"href":"https:\/\/blogs.fu-berlin.de\/bibliotheken\/wp-json\/wp\/v2\/users\/265"}],"replies":[{"embeddable":true,"href":"https:\/\/blogs.fu-berlin.de\/bibliotheken\/wp-json\/wp\/v2\/comments?post=10880"}],"version-history":[{"count":13,"href":"https:\/\/blogs.fu-berlin.de\/bibliotheken\/wp-json\/wp\/v2\/posts\/10880\/revisions"}],"predecessor-version":[{"id":10976,"href":"https:\/\/blogs.fu-berlin.de\/bibliotheken\/wp-json\/wp\/v2\/posts\/10880\/revisions\/10976"}],"wp:attachment":[{"href":"https:\/\/blogs.fu-berlin.de\/bibliotheken\/wp-json\/wp\/v2\/media?parent=10880"}],"wp:term":[{"taxonomy":"category","embeddable":true,"href":"https:\/\/blogs.fu-berlin.de\/bibliotheken\/wp-json\/wp\/v2\/categories?post=10880"},{"taxonomy":"post_tag","embeddable":true,"href":"https:\/\/blogs.fu-berlin.de\/bibliotheken\/wp-json\/wp\/v2\/tags?post=10880"}],"curies":[{"name":"wp","href":"https:\/\/api.w.org\/{rel}","templated":true}]}}