{"id":10887,"date":"2012-04-02T10:15:16","date_gmt":"2012-04-02T09:15:16","guid":{"rendered":"https:\/\/blogs.fu-berlin.de\/bibliotheken\/?p=10887"},"modified":"2012-04-02T10:24:04","modified_gmt":"2012-04-02T09:24:04","slug":"berliner-literaturpreis-2012-an-rainald-goetz","status":"publish","type":"post","link":"https:\/\/blogs.fu-berlin.de\/bibliotheken\/2012\/04\/02\/berliner-literaturpreis-2012-an-rainald-goetz\/","title":{"rendered":"Berliner Literaturpreis 2012 an Rainald Goetz"},"content":{"rendered":"<p>Mit dem Berliner Literaturpreis 2012 hat die Stiftung Preu\u00dfische<br \/>\nSeehandlung letzte Woche den Schriftsteller Rainald Goetz ausgezeichnet. Einher geht diese Ehrung mit der Annahme der <a href=\"https:\/\/www.geisteswissenschaften.fu-berlin.de\/we03\/gastprofessuren\/heiner_mueller\/index.html\">Heiner M\u00fcller-Gastprofessur f\u00fcr deutschsprachige Poetik<\/a> an der Freien Universit\u00e4t Berlin.<\/p>\n<p>Der in Berlin lebende Goetz wurde 1954 in M\u00fcnchen als Sohn eines Chirurgen und einer Fotografin geboren. Er studierte in den 1970er Jahren Geschichte und Medizin in M\u00fcnchen und an der Pariser Sorbonne und arbeitet seit 1976 als Publizist, seit 1983 ist er als freiberuflicher Schriftsteller t\u00e4tig. Der psychiatrieerfahrene Arzt, Kultur- und Literaturkritiker wurde er vom deutschsprachigen Feuilleton als \u201ewilder Denker\u201c (<a href=\"https:\/\/derstandard.at\/2775054\">Der Standard<\/a>) betitelt. Seine Werke kreisen um Themen wie Psychiatrie, Pop- und Techno-Kultur. Auch experimentierte er mit neuen Medien wie Weblogs. Im Sommer wird sein neuester Roman <em>Johann Holtrop<\/em> erscheinen.<\/p>\n<p>Der Berliner Literaturpreis zeichnet Schriftsteller und Schriftstellerinnen aus, die mit ihrem literarischen Werk einen wesentlichen Beitrag zur Entwicklung der zeitgen\u00f6ssischen deutschsprachigen Literatur geleistet haben. Seit 2005 bietet die Auszeichnung den Preistr\u00e4gern zugleich ein Forum f\u00fcr die Textarbeit mit literaturinteressierten Studierenden im Rahmen der undotierten Heiner-M\u00fcller-Gastprofessur f\u00fcr deutschsprachige Poetik am Peter Szondi-Institut f\u00fcr Allgemeine und Vergleichende Literaturwissenschaft der Freien Universit\u00e4t Berlin. Bisherige Preistr\u00e4ger sind Herta M\u00fcller, Durs Gr\u00fcnbein und Ilija Trojanow, Ulrich Peltzer, Dea Loher, Sibylle Lewitscharoff und Thomas Lehr. Rainald Goetz wird seine Lehrt\u00e4tigkeit am Autorenkolleg der Heiner-M\u00fcller-Gastprofessur im Sommersemester 2012 an der Freien Universit\u00e4t Berlin aufnehmen. Seine \u00f6ffentliche Antrittsvorlesung findet am 10. Mai von 18 bis 20 Uhr in der Rostlaube (H\u00f6rsaal 1b) statt.<\/p>\n<p><strong>Samuel-Fischer-Gastprofessur an Abdelwahab Meddeb<\/strong><br \/>\nEbenfalls in diesem Sommersemester obliegt Abdelwahab Meddeb die <a href=\"https:\/\/www.geisteswissenschaften.fu-berlin.de\/we03\/gastprofessuren\/samuel_fischer\/index.html\">Samuel-Fischer-Gastprofessur f\u00fcr Literatur<\/a>. Der tunesisch-franz\u00f6sische Autor und politische Essayist (* 1946) studierte Ende der 1960er Jahre Kunstgeschichte und Literatur in Paris und blickt auf ein umfangreiches, die Weltkultur einbeziehendes \u0152uvre (neben Essays auch Lyrik und Romane) zur\u00fcck. Meddeb gibt u. a. die Zeitschrift <em>D\u00e9dale<\/em> heraus und war als Gastprofessor in Yale und Genf t\u00e4tig.<\/p>\n<p>Ziel der 1998 eingef\u00fchrten Samuel-Fischer-Gastprofessur am Institut f\u00fcr Allgemeine und Vergleichende Literaturwissenschaft ist es kritisch \u00fcber die Literaturen der Welt gemeinsam mit Schriftstellern aus verschiedenen kulturellen Kontexten zu reflektieren. In der Vergangenheit oblag diese Aufgabe so bekannten Autoren wie Nuruddin Farah, Daniel Kehlmann, Alberto Manguel, Yann Martel oder Kenzaburo Oe. Das Seminar ist offen f\u00fcr Studierende aller Fachrichtungen.<\/p>\n","protected":false},"excerpt":{"rendered":"<p>Mit dem Berliner Literaturpreis 2012 hat die Stiftung Preu\u00dfische Seehandlung letzte Woche den Schriftsteller Rainald Goetz ausgezeichnet. Einher geht diese Ehrung mit der Annahme der Heiner M\u00fcller-Gastprofessur f\u00fcr deutschsprachige Poetik an der Freien Universit\u00e4t Berlin. Der in Berlin lebende Goetz wurde 1954 in M\u00fcnchen als Sohn eines Chirurgen und einer Fotografin geboren. Er studierte in &hellip; <a href=\"https:\/\/blogs.fu-berlin.de\/bibliotheken\/2012\/04\/02\/berliner-literaturpreis-2012-an-rainald-goetz\/\" class=\"more-link\"><span class=\"screen-reader-text\">\u201eBerliner Literaturpreis 2012 an Rainald Goetz\u201c<\/span> weiterlesen<\/a><\/p>\n","protected":false},"author":293,"featured_media":0,"comment_status":"open","ping_status":"open","sticky":false,"template":"","format":"standard","meta":{"footnotes":""},"categories":[9],"tags":[3012,2163,2162,2014],"class_list":["post-10887","post","type-post","status-publish","format-standard","hentry","category-allgemein","tag-abdelwahab-meddeb","tag-berliner-literaturpreis","tag-heiner-muller-gastprofessur","tag-samuel-fischer-gastprofessur"],"_links":{"self":[{"href":"https:\/\/blogs.fu-berlin.de\/bibliotheken\/wp-json\/wp\/v2\/posts\/10887","targetHints":{"allow":["GET"]}}],"collection":[{"href":"https:\/\/blogs.fu-berlin.de\/bibliotheken\/wp-json\/wp\/v2\/posts"}],"about":[{"href":"https:\/\/blogs.fu-berlin.de\/bibliotheken\/wp-json\/wp\/v2\/types\/post"}],"author":[{"embeddable":true,"href":"https:\/\/blogs.fu-berlin.de\/bibliotheken\/wp-json\/wp\/v2\/users\/293"}],"replies":[{"embeddable":true,"href":"https:\/\/blogs.fu-berlin.de\/bibliotheken\/wp-json\/wp\/v2\/comments?post=10887"}],"version-history":[{"count":13,"href":"https:\/\/blogs.fu-berlin.de\/bibliotheken\/wp-json\/wp\/v2\/posts\/10887\/revisions"}],"predecessor-version":[{"id":10904,"href":"https:\/\/blogs.fu-berlin.de\/bibliotheken\/wp-json\/wp\/v2\/posts\/10887\/revisions\/10904"}],"wp:attachment":[{"href":"https:\/\/blogs.fu-berlin.de\/bibliotheken\/wp-json\/wp\/v2\/media?parent=10887"}],"wp:term":[{"taxonomy":"category","embeddable":true,"href":"https:\/\/blogs.fu-berlin.de\/bibliotheken\/wp-json\/wp\/v2\/categories?post=10887"},{"taxonomy":"post_tag","embeddable":true,"href":"https:\/\/blogs.fu-berlin.de\/bibliotheken\/wp-json\/wp\/v2\/tags?post=10887"}],"curies":[{"name":"wp","href":"https:\/\/api.w.org\/{rel}","templated":true}]}}